{"id":853,"date":"2015-04-03T12:03:32","date_gmt":"2015-04-03T10:03:32","guid":{"rendered":"http:\/\/www.stalag307.it\/?p=853"},"modified":"2015-04-03T12:10:25","modified_gmt":"2015-04-03T10:10:25","slug":"nella-caserma-di-belsen","status":"publish","type":"post","link":"https:\/\/www.stalag307.it\/?p=853","title":{"rendered":"Nella caserma di Belsen"},"content":{"rendered":"<p>Il 6 altra endovenosa \u2013 ma indipendentemente da quanto dice il medico \u2013 Dottor Ghezzi \u2013 ho segni molto evidenti di miglioramento. Il 7 endovenosa e radioscopia che mi conferma il buono stato dei polmoni. Il Dottor Ghezzi trova il fegato diminuito. A sera vien l\u2019ordine di tenersi pronti l\u2019indomani mattina alle 8 per andare a Belsen. Si dice che l\u00e0 sar\u00e0 pronto un treno ospedale per il rimpatrio. <\/p>\n<p>L\u20198 mattina le operazioni di partenza subiscono ritardi ed il primo viaggio ha partenza alle 13. Alle 16 ritornano ambulanze e camion. Io monto su un camion con Ghezzi e Poidomani. Un\u2019ora di strada e entriamo nella caserma di Belsen, grande come una citt\u00e0 e qui scendiamo in attesa che ci assegnino una palazzina. Passa un\u2019oretta di incertezza poi vedendo i prigionieri tedeschi che attrezzano la 49 entro e prendo possesso di una stanzetta a tre letti ove faccio poi venire il Capitano Naia e Sailer. Ci sistemiamo bene. Le swester, numerosissime, attivissime, pulitissime, gentilissime, ci forniscono di lenzuola asciugamani, coperte, pigiama. Lavatoi e WC sono simili a quelli di Bomblie. Vado attorno e trovo quelli dell\u2019infermeria di Wietzendorf qui trasferiti d\u2019autorit\u00e0 ieri; vado al comando italiano dei civili del campo, attacco bottoni a inglesi, tedeschi, dottori, ammalati, ma nessuno sa niente del treno ospedale. <\/p>\n<p>Vado a passeggio per i bei viali frequentati da miriadi di donne d\u2019ogni nazionalit\u00e0 &#8211; par d\u2019essere in un luogo di villeggiatura fra tante vesti variopinte e fra tante donne in pantaloni. Ci si accorge poi che gran parte dei vestiti \u00e8 ottenuta da coperte, da paracadute dai pi\u00f9 disparati involucri militari. C\u2019\u00e8 un gran desiderio di allegria in tutti e in tutte &#8211; \u00e8 forse solo una ricerca di distrazioni volte a coprire la nostalgia che \u00e8 in tutti, il desiderio della propria casa del proprio paese. Trovo poi Posterivo, Riccardi e Mancino che son qua a divertirsi \u2013 mi dicono che rientreranno a Wietzendorf l\u2019indomani mattina essendo stato il nostro blocco sorteggiato fra i primi a partire con loro, volenti o nolenti quelli dell\u2019ospedale. Vado ad avvertire il Dottor Ghezzi il quale non pu\u00f2 nulla obiettare in considerazione del fatto che qui l\u2019alimentazione \u00e8 come quella dei civili tedeschi \u2013 quindi non adatta per il mal di fegato anche se ben servita dalle swester. Saluto Poidomani e, presi gli ultimi accordi con i compagni di viaggio, mi ritiro. <\/p>\n","protected":false},"excerpt":{"rendered":"<p>Il 6 altra endovenosa \u2013 ma indipendentemente da quanto dice il medico \u2013 Dottor Ghezzi \u2013 ho segni molto evidenti di miglioramento. Il 7 endovenosa e radioscopia che mi conferma il buono stato dei polmoni. Il Dottor Ghezzi trova il &hellip; <a href=\"https:\/\/www.stalag307.it\/?p=853\">Continua a leggere<span class=\"meta-nav\">&rarr;<\/span><\/a><\/p>\n","protected":false},"author":2,"featured_media":0,"comment_status":"closed","ping_status":"open","sticky":false,"template":"","format":"standard","meta":{"_exactmetrics_skip_tracking":false,"_exactmetrics_sitenote_active":false,"_exactmetrics_sitenote_note":"","_exactmetrics_sitenote_category":0,"_jetpack_memberships_contains_paid_content":false,"footnotes":""},"categories":[2],"tags":[],"class_list":["post-853","post","type-post","status-publish","format-standard","hentry","category-ildiario"],"yoast_head":"<!-- This site is optimized with the Yoast SEO plugin v27.5 - https:\/\/yoast.com\/product\/yoast-seo-wordpress\/ -->\n<title>Nella caserma di Belsen - Stalag 307<\/title>\n<meta name=\"robots\" content=\"index, follow, max-snippet:-1, max-image-preview:large, max-video-preview:-1\" \/>\n<link rel=\"canonical\" href=\"https:\/\/www.stalag307.it\/?p=853\" \/>\n<meta property=\"og:locale\" content=\"it_IT\" \/>\n<meta property=\"og:type\" content=\"article\" \/>\n<meta property=\"og:title\" content=\"Nella caserma di Belsen - Stalag 307\" \/>\n<meta property=\"og:description\" content=\"Il 6 altra endovenosa \u2013 ma indipendentemente da quanto dice il medico \u2013 Dottor Ghezzi \u2013 ho segni molto evidenti di miglioramento. Il 7 endovenosa e radioscopia che mi conferma il buono stato dei polmoni. Il Dottor Ghezzi trova il &hellip; Continua a leggere&rarr;\" \/>\n<meta property=\"og:url\" content=\"https:\/\/www.stalag307.it\/?p=853\" \/>\n<meta property=\"og:site_name\" content=\"Stalag 307\" \/>\n<meta property=\"article:published_time\" content=\"2015-04-03T10:03:32+00:00\" \/>\n<meta property=\"article:modified_time\" content=\"2015-04-03T10:10:25+00:00\" \/>\n<meta name=\"author\" content=\"Alberto Biraghi\" \/>\n<meta name=\"twitter:card\" content=\"summary_large_image\" \/>\n<meta name=\"twitter:label1\" content=\"Scritto da\" \/>\n\t<meta name=\"twitter:data1\" content=\"Alberto Biraghi\" \/>\n\t<meta name=\"twitter:label2\" content=\"Tempo di lettura stimato\" \/>\n\t<meta name=\"twitter:data2\" content=\"2 minuti\" \/>\n<script type=\"application\/ld+json\" class=\"yoast-schema-graph\">{\"@context\":\"https:\\\/\\\/schema.org\",\"@graph\":[{\"@type\":\"Article\",\"@id\":\"https:\\\/\\\/www.stalag307.it\\\/?p=853#article\",\"isPartOf\":{\"@id\":\"https:\\\/\\\/www.stalag307.it\\\/?p=853\"},\"author\":{\"name\":\"Alberto Biraghi\",\"@id\":\"https:\\\/\\\/www.stalag307.it\\\/#\\\/schema\\\/person\\\/74ee8b86755e6c2127781a45bba2e06e\"},\"headline\":\"Nella caserma di Belsen\",\"datePublished\":\"2015-04-03T10:03:32+00:00\",\"dateModified\":\"2015-04-03T10:10:25+00:00\",\"mainEntityOfPage\":{\"@id\":\"https:\\\/\\\/www.stalag307.it\\\/?p=853\"},\"wordCount\":394,\"publisher\":{\"@id\":\"https:\\\/\\\/www.stalag307.it\\\/#\\\/schema\\\/person\\\/429ede1ba10cd3538d1b89ab809fd00f\"},\"articleSection\":[\"Il diario di Luigi Biraghi\"],\"inLanguage\":\"it-IT\"},{\"@type\":\"WebPage\",\"@id\":\"https:\\\/\\\/www.stalag307.it\\\/?p=853\",\"url\":\"https:\\\/\\\/www.stalag307.it\\\/?p=853\",\"name\":\"Nella caserma di Belsen - Stalag 307\",\"isPartOf\":{\"@id\":\"https:\\\/\\\/www.stalag307.it\\\/#website\"},\"datePublished\":\"2015-04-03T10:03:32+00:00\",\"dateModified\":\"2015-04-03T10:10:25+00:00\",\"breadcrumb\":{\"@id\":\"https:\\\/\\\/www.stalag307.it\\\/?p=853#breadcrumb\"},\"inLanguage\":\"it-IT\",\"potentialAction\":[{\"@type\":\"ReadAction\",\"target\":[\"https:\\\/\\\/www.stalag307.it\\\/?p=853\"]}]},{\"@type\":\"BreadcrumbList\",\"@id\":\"https:\\\/\\\/www.stalag307.it\\\/?p=853#breadcrumb\",\"itemListElement\":[{\"@type\":\"ListItem\",\"position\":1,\"name\":\"Home\",\"item\":\"https:\\\/\\\/www.stalag307.it\\\/\"},{\"@type\":\"ListItem\",\"position\":2,\"name\":\"Nella caserma di Belsen\"}]},{\"@type\":\"WebSite\",\"@id\":\"https:\\\/\\\/www.stalag307.it\\\/#website\",\"url\":\"https:\\\/\\\/www.stalag307.it\\\/\",\"name\":\"Stalag 307\",\"description\":\"Dall&#039;8 settembre 1943 al 26 agosto 1945: la prigionia nei campi nazisti di Luigi Biraghi, tenente del 9\u00b0 alpini.\",\"publisher\":{\"@id\":\"https:\\\/\\\/www.stalag307.it\\\/#\\\/schema\\\/person\\\/429ede1ba10cd3538d1b89ab809fd00f\"},\"potentialAction\":[{\"@type\":\"SearchAction\",\"target\":{\"@type\":\"EntryPoint\",\"urlTemplate\":\"https:\\\/\\\/www.stalag307.it\\\/?s={search_term_string}\"},\"query-input\":{\"@type\":\"PropertyValueSpecification\",\"valueRequired\":true,\"valueName\":\"search_term_string\"}}],\"inLanguage\":\"it-IT\"},{\"@type\":[\"Person\",\"Organization\"],\"@id\":\"https:\\\/\\\/www.stalag307.it\\\/#\\\/schema\\\/person\\\/429ede1ba10cd3538d1b89ab809fd00f\",\"name\":\"Luigi Biraghi\",\"logo\":{\"@id\":\"https:\\\/\\\/www.stalag307.it\\\/#\\\/schema\\\/person\\\/image\\\/\"}},{\"@type\":\"Person\",\"@id\":\"https:\\\/\\\/www.stalag307.it\\\/#\\\/schema\\\/person\\\/74ee8b86755e6c2127781a45bba2e06e\",\"name\":\"Alberto Biraghi\"}]}<\/script>\n<!-- \/ Yoast SEO plugin. -->","yoast_head_json":{"title":"Nella caserma di Belsen - Stalag 307","robots":{"index":"index","follow":"follow","max-snippet":"max-snippet:-1","max-image-preview":"max-image-preview:large","max-video-preview":"max-video-preview:-1"},"canonical":"https:\/\/www.stalag307.it\/?p=853","og_locale":"it_IT","og_type":"article","og_title":"Nella caserma di Belsen - Stalag 307","og_description":"Il 6 altra endovenosa \u2013 ma indipendentemente da quanto dice il medico \u2013 Dottor Ghezzi \u2013 ho segni molto evidenti di miglioramento. Il 7 endovenosa e radioscopia che mi conferma il buono stato dei polmoni. Il Dottor Ghezzi trova il &hellip; Continua a leggere&rarr;","og_url":"https:\/\/www.stalag307.it\/?p=853","og_site_name":"Stalag 307","article_published_time":"2015-04-03T10:03:32+00:00","article_modified_time":"2015-04-03T10:10:25+00:00","author":"Alberto Biraghi","twitter_card":"summary_large_image","twitter_misc":{"Scritto da":"Alberto Biraghi","Tempo di lettura stimato":"2 minuti"},"schema":{"@context":"https:\/\/schema.org","@graph":[{"@type":"Article","@id":"https:\/\/www.stalag307.it\/?p=853#article","isPartOf":{"@id":"https:\/\/www.stalag307.it\/?p=853"},"author":{"name":"Alberto Biraghi","@id":"https:\/\/www.stalag307.it\/#\/schema\/person\/74ee8b86755e6c2127781a45bba2e06e"},"headline":"Nella caserma di Belsen","datePublished":"2015-04-03T10:03:32+00:00","dateModified":"2015-04-03T10:10:25+00:00","mainEntityOfPage":{"@id":"https:\/\/www.stalag307.it\/?p=853"},"wordCount":394,"publisher":{"@id":"https:\/\/www.stalag307.it\/#\/schema\/person\/429ede1ba10cd3538d1b89ab809fd00f"},"articleSection":["Il diario di Luigi Biraghi"],"inLanguage":"it-IT"},{"@type":"WebPage","@id":"https:\/\/www.stalag307.it\/?p=853","url":"https:\/\/www.stalag307.it\/?p=853","name":"Nella caserma di Belsen - Stalag 307","isPartOf":{"@id":"https:\/\/www.stalag307.it\/#website"},"datePublished":"2015-04-03T10:03:32+00:00","dateModified":"2015-04-03T10:10:25+00:00","breadcrumb":{"@id":"https:\/\/www.stalag307.it\/?p=853#breadcrumb"},"inLanguage":"it-IT","potentialAction":[{"@type":"ReadAction","target":["https:\/\/www.stalag307.it\/?p=853"]}]},{"@type":"BreadcrumbList","@id":"https:\/\/www.stalag307.it\/?p=853#breadcrumb","itemListElement":[{"@type":"ListItem","position":1,"name":"Home","item":"https:\/\/www.stalag307.it\/"},{"@type":"ListItem","position":2,"name":"Nella caserma di Belsen"}]},{"@type":"WebSite","@id":"https:\/\/www.stalag307.it\/#website","url":"https:\/\/www.stalag307.it\/","name":"Stalag 307","description":"Dall&#039;8 settembre 1943 al 26 agosto 1945: la prigionia nei campi nazisti di Luigi Biraghi, tenente del 9\u00b0 alpini.","publisher":{"@id":"https:\/\/www.stalag307.it\/#\/schema\/person\/429ede1ba10cd3538d1b89ab809fd00f"},"potentialAction":[{"@type":"SearchAction","target":{"@type":"EntryPoint","urlTemplate":"https:\/\/www.stalag307.it\/?s={search_term_string}"},"query-input":{"@type":"PropertyValueSpecification","valueRequired":true,"valueName":"search_term_string"}}],"inLanguage":"it-IT"},{"@type":["Person","Organization"],"@id":"https:\/\/www.stalag307.it\/#\/schema\/person\/429ede1ba10cd3538d1b89ab809fd00f","name":"Luigi Biraghi","logo":{"@id":"https:\/\/www.stalag307.it\/#\/schema\/person\/image\/"}},{"@type":"Person","@id":"https:\/\/www.stalag307.it\/#\/schema\/person\/74ee8b86755e6c2127781a45bba2e06e","name":"Alberto Biraghi"}]}},"jetpack_featured_media_url":"","jetpack_sharing_enabled":true,"_links":{"self":[{"href":"https:\/\/www.stalag307.it\/index.php?rest_route=\/wp\/v2\/posts\/853","targetHints":{"allow":["GET"]}}],"collection":[{"href":"https:\/\/www.stalag307.it\/index.php?rest_route=\/wp\/v2\/posts"}],"about":[{"href":"https:\/\/www.stalag307.it\/index.php?rest_route=\/wp\/v2\/types\/post"}],"author":[{"embeddable":true,"href":"https:\/\/www.stalag307.it\/index.php?rest_route=\/wp\/v2\/users\/2"}],"replies":[{"embeddable":true,"href":"https:\/\/www.stalag307.it\/index.php?rest_route=%2Fwp%2Fv2%2Fcomments&post=853"}],"version-history":[{"count":2,"href":"https:\/\/www.stalag307.it\/index.php?rest_route=\/wp\/v2\/posts\/853\/revisions"}],"predecessor-version":[{"id":857,"href":"https:\/\/www.stalag307.it\/index.php?rest_route=\/wp\/v2\/posts\/853\/revisions\/857"}],"wp:attachment":[{"href":"https:\/\/www.stalag307.it\/index.php?rest_route=%2Fwp%2Fv2%2Fmedia&parent=853"}],"wp:term":[{"taxonomy":"category","embeddable":true,"href":"https:\/\/www.stalag307.it\/index.php?rest_route=%2Fwp%2Fv2%2Fcategories&post=853"},{"taxonomy":"post_tag","embeddable":true,"href":"https:\/\/www.stalag307.it\/index.php?rest_route=%2Fwp%2Fv2%2Ftags&post=853"}],"curies":[{"name":"wp","href":"https:\/\/api.w.org\/{rel}","templated":true}]}}