{"id":801,"date":"2015-04-02T15:40:41","date_gmt":"2015-04-02T13:40:41","guid":{"rendered":"http:\/\/www.stalag307.it\/?p=801"},"modified":"2015-04-02T15:40:41","modified_gmt":"2015-04-02T13:40:41","slug":"il-primo-nemico-e-il-freddo","status":"publish","type":"post","link":"https:\/\/www.stalag307.it\/?p=801","title":{"rendered":"Il primo nemico \u00e8 il freddo"},"content":{"rendered":"<p>Alle 9 comincia la rivista &#8211; \u00e8 minuziosa fino allo spasimo, ma i tedeschi sono corretti e cortesi; passiamo poi le solite formalit\u00e0 di immatricolazione e quindi, alle 12 circa del primo dicembre, prendiamo possesso della nostra nuova dimora: \u00e8 una baracca rudimentale, gelida, col solo tetto di tavole ad una sola grande campata \u2013 \u00e8 altissima al centro e bassa ai lati, ci sono due stufe che non funzionano per mancanza di combustibile e due file di castelli. In giornata ci vengono dati pagliericcio ed una coperta, una sbobba discreta ed il pane che divoro immediatamente con i residui dello zucchero. Si fa l\u2019appello alle 3 \u00bd , alle 4 \u00bd non si pu\u00f2 pi\u00f9 uscire dalla baracca. In caso di allarme vien tolta la luce quindi siccome gli allarmi sono regolarissimi verso le sei di sera, a tale ora non rimane che interrompere la quotidiana partita a bridge ed infilarsi nel letto. <\/p>\n<p>La notte, in questo campo, dura sempre almeno 14 ore, il che va a tutto vantaggio del risparmio di energie. I viveri non sono sostanzialmente diversi da quelli di Sandborstel; vien dato in mezzo il companatico ma nella sbobba c\u2019\u00e8 sempre qualche filamento di carne; e qualche condimento, tanto che le rape da foraggio diventano quasi mangiabili \u2013 il pane \u00e8 il solito sesto di pagnotta \u2013 le patate sono date alla mano e si aggirano sui 200 grammi. In complesso c\u2019\u00e8 quel che occorre per aver sempre in corpo una fame porca; e per togliersela da addosso almeno per un momento occorre fare un unico pasto al giorno \u2013 sistema al quale mi atterr\u00f2 scrupolosamente.<\/p>\n<p>L\u2019appello \u00e8 rapidissimo ed ha luogo davanti alla baracca; l\u2019acqua viene erogata da una pompa a mano in mezzo al cortile tra le baracche &#8211; naturalmente, considerato che son circa 500 persone che devono servirsene, si pu\u00f2 pensare che la coda davanti \u00e8 lunghissima e che ci si lava ad un\u2019ora qualunque del giorno. In compenso ci sono dei lavatoi in costruzione e ci sono anche molti che rinunciano a lavarsi data la temperatura esterna. Il peggior avversario da superare si rende subito evidente: \u00e8 il freddo. Non c\u2019\u00e8 che poca ramaglia da bruciare come combustibile \u2013 e non \u00e8 sufficiente neppure a riscaldare le due grandi stufe in muratura, ma anche se ci fosse del carbone la grande campata di baracca rimarrebbe irriscaldabile per la enorme dispersione data dal tetto non perlinato. Comincio a vivere mettendomi addosso tutto quanto possiedo: tre maglie, due giacche, un pullover \u2013 durante la prima notte soffro il freddo nonostante sia andato a letto vestito, poi mi danno un\u2019altra coperta e sto un po\u2019 meglio ma non certo abbastanza caldo. <\/p>\n","protected":false},"excerpt":{"rendered":"<p>Alle 9 comincia la rivista &#8211; \u00e8 minuziosa fino allo spasimo, ma i tedeschi sono corretti e cortesi; passiamo poi le solite formalit\u00e0 di immatricolazione e quindi, alle 12 circa del primo dicembre, prendiamo possesso della nostra nuova dimora: \u00e8 &hellip; <a href=\"https:\/\/www.stalag307.it\/?p=801\">Continua a leggere<span class=\"meta-nav\">&rarr;<\/span><\/a><\/p>\n","protected":false},"author":2,"featured_media":0,"comment_status":"closed","ping_status":"open","sticky":false,"template":"","format":"standard","meta":{"_exactmetrics_skip_tracking":false,"_exactmetrics_sitenote_active":false,"_exactmetrics_sitenote_note":"","_exactmetrics_sitenote_category":0,"_jetpack_memberships_contains_paid_content":false,"footnotes":""},"categories":[2],"tags":[],"class_list":["post-801","post","type-post","status-publish","format-standard","hentry","category-ildiario"],"yoast_head":"<!-- This site is optimized with the Yoast SEO plugin v27.5 - https:\/\/yoast.com\/product\/yoast-seo-wordpress\/ -->\n<title>Il primo nemico \u00e8 il freddo - Stalag 307<\/title>\n<meta name=\"robots\" content=\"index, follow, max-snippet:-1, max-image-preview:large, max-video-preview:-1\" \/>\n<link rel=\"canonical\" href=\"https:\/\/www.stalag307.it\/?p=801\" \/>\n<meta property=\"og:locale\" content=\"it_IT\" \/>\n<meta property=\"og:type\" content=\"article\" \/>\n<meta property=\"og:title\" content=\"Il primo nemico \u00e8 il freddo - Stalag 307\" \/>\n<meta property=\"og:description\" content=\"Alle 9 comincia la rivista &#8211; \u00e8 minuziosa fino allo spasimo, ma i tedeschi sono corretti e cortesi; passiamo poi le solite formalit\u00e0 di immatricolazione e quindi, alle 12 circa del primo dicembre, prendiamo possesso della nostra nuova dimora: \u00e8 &hellip; Continua a leggere&rarr;\" \/>\n<meta property=\"og:url\" content=\"https:\/\/www.stalag307.it\/?p=801\" \/>\n<meta property=\"og:site_name\" content=\"Stalag 307\" \/>\n<meta property=\"article:published_time\" content=\"2015-04-02T13:40:41+00:00\" \/>\n<meta name=\"author\" content=\"Alberto Biraghi\" \/>\n<meta name=\"twitter:card\" content=\"summary_large_image\" \/>\n<meta name=\"twitter:label1\" content=\"Scritto da\" \/>\n\t<meta name=\"twitter:data1\" content=\"Alberto Biraghi\" \/>\n\t<meta name=\"twitter:label2\" content=\"Tempo di lettura stimato\" \/>\n\t<meta name=\"twitter:data2\" content=\"2 minuti\" \/>\n<script type=\"application\/ld+json\" class=\"yoast-schema-graph\">{\"@context\":\"https:\\\/\\\/schema.org\",\"@graph\":[{\"@type\":\"Article\",\"@id\":\"https:\\\/\\\/www.stalag307.it\\\/?p=801#article\",\"isPartOf\":{\"@id\":\"https:\\\/\\\/www.stalag307.it\\\/?p=801\"},\"author\":{\"name\":\"Alberto Biraghi\",\"@id\":\"https:\\\/\\\/www.stalag307.it\\\/#\\\/schema\\\/person\\\/74ee8b86755e6c2127781a45bba2e06e\"},\"headline\":\"Il primo nemico \u00e8 il freddo\",\"datePublished\":\"2015-04-02T13:40:41+00:00\",\"mainEntityOfPage\":{\"@id\":\"https:\\\/\\\/www.stalag307.it\\\/?p=801\"},\"wordCount\":432,\"publisher\":{\"@id\":\"https:\\\/\\\/www.stalag307.it\\\/#\\\/schema\\\/person\\\/429ede1ba10cd3538d1b89ab809fd00f\"},\"articleSection\":[\"Il diario di Luigi Biraghi\"],\"inLanguage\":\"it-IT\"},{\"@type\":\"WebPage\",\"@id\":\"https:\\\/\\\/www.stalag307.it\\\/?p=801\",\"url\":\"https:\\\/\\\/www.stalag307.it\\\/?p=801\",\"name\":\"Il primo nemico \u00e8 il freddo - Stalag 307\",\"isPartOf\":{\"@id\":\"https:\\\/\\\/www.stalag307.it\\\/#website\"},\"datePublished\":\"2015-04-02T13:40:41+00:00\",\"breadcrumb\":{\"@id\":\"https:\\\/\\\/www.stalag307.it\\\/?p=801#breadcrumb\"},\"inLanguage\":\"it-IT\",\"potentialAction\":[{\"@type\":\"ReadAction\",\"target\":[\"https:\\\/\\\/www.stalag307.it\\\/?p=801\"]}]},{\"@type\":\"BreadcrumbList\",\"@id\":\"https:\\\/\\\/www.stalag307.it\\\/?p=801#breadcrumb\",\"itemListElement\":[{\"@type\":\"ListItem\",\"position\":1,\"name\":\"Home\",\"item\":\"https:\\\/\\\/www.stalag307.it\\\/\"},{\"@type\":\"ListItem\",\"position\":2,\"name\":\"Il primo nemico \u00e8 il freddo\"}]},{\"@type\":\"WebSite\",\"@id\":\"https:\\\/\\\/www.stalag307.it\\\/#website\",\"url\":\"https:\\\/\\\/www.stalag307.it\\\/\",\"name\":\"Stalag 307\",\"description\":\"Dall&#039;8 settembre 1943 al 26 agosto 1945: la prigionia nei campi nazisti di Luigi Biraghi, tenente del 9\u00b0 alpini.\",\"publisher\":{\"@id\":\"https:\\\/\\\/www.stalag307.it\\\/#\\\/schema\\\/person\\\/429ede1ba10cd3538d1b89ab809fd00f\"},\"potentialAction\":[{\"@type\":\"SearchAction\",\"target\":{\"@type\":\"EntryPoint\",\"urlTemplate\":\"https:\\\/\\\/www.stalag307.it\\\/?s={search_term_string}\"},\"query-input\":{\"@type\":\"PropertyValueSpecification\",\"valueRequired\":true,\"valueName\":\"search_term_string\"}}],\"inLanguage\":\"it-IT\"},{\"@type\":[\"Person\",\"Organization\"],\"@id\":\"https:\\\/\\\/www.stalag307.it\\\/#\\\/schema\\\/person\\\/429ede1ba10cd3538d1b89ab809fd00f\",\"name\":\"Luigi Biraghi\",\"logo\":{\"@id\":\"https:\\\/\\\/www.stalag307.it\\\/#\\\/schema\\\/person\\\/image\\\/\"}},{\"@type\":\"Person\",\"@id\":\"https:\\\/\\\/www.stalag307.it\\\/#\\\/schema\\\/person\\\/74ee8b86755e6c2127781a45bba2e06e\",\"name\":\"Alberto Biraghi\"}]}<\/script>\n<!-- \/ Yoast SEO plugin. -->","yoast_head_json":{"title":"Il primo nemico \u00e8 il freddo - Stalag 307","robots":{"index":"index","follow":"follow","max-snippet":"max-snippet:-1","max-image-preview":"max-image-preview:large","max-video-preview":"max-video-preview:-1"},"canonical":"https:\/\/www.stalag307.it\/?p=801","og_locale":"it_IT","og_type":"article","og_title":"Il primo nemico \u00e8 il freddo - Stalag 307","og_description":"Alle 9 comincia la rivista &#8211; \u00e8 minuziosa fino allo spasimo, ma i tedeschi sono corretti e cortesi; passiamo poi le solite formalit\u00e0 di immatricolazione e quindi, alle 12 circa del primo dicembre, prendiamo possesso della nostra nuova dimora: \u00e8 &hellip; Continua a leggere&rarr;","og_url":"https:\/\/www.stalag307.it\/?p=801","og_site_name":"Stalag 307","article_published_time":"2015-04-02T13:40:41+00:00","author":"Alberto Biraghi","twitter_card":"summary_large_image","twitter_misc":{"Scritto da":"Alberto Biraghi","Tempo di lettura stimato":"2 minuti"},"schema":{"@context":"https:\/\/schema.org","@graph":[{"@type":"Article","@id":"https:\/\/www.stalag307.it\/?p=801#article","isPartOf":{"@id":"https:\/\/www.stalag307.it\/?p=801"},"author":{"name":"Alberto Biraghi","@id":"https:\/\/www.stalag307.it\/#\/schema\/person\/74ee8b86755e6c2127781a45bba2e06e"},"headline":"Il primo nemico \u00e8 il freddo","datePublished":"2015-04-02T13:40:41+00:00","mainEntityOfPage":{"@id":"https:\/\/www.stalag307.it\/?p=801"},"wordCount":432,"publisher":{"@id":"https:\/\/www.stalag307.it\/#\/schema\/person\/429ede1ba10cd3538d1b89ab809fd00f"},"articleSection":["Il diario di Luigi Biraghi"],"inLanguage":"it-IT"},{"@type":"WebPage","@id":"https:\/\/www.stalag307.it\/?p=801","url":"https:\/\/www.stalag307.it\/?p=801","name":"Il primo nemico \u00e8 il freddo - Stalag 307","isPartOf":{"@id":"https:\/\/www.stalag307.it\/#website"},"datePublished":"2015-04-02T13:40:41+00:00","breadcrumb":{"@id":"https:\/\/www.stalag307.it\/?p=801#breadcrumb"},"inLanguage":"it-IT","potentialAction":[{"@type":"ReadAction","target":["https:\/\/www.stalag307.it\/?p=801"]}]},{"@type":"BreadcrumbList","@id":"https:\/\/www.stalag307.it\/?p=801#breadcrumb","itemListElement":[{"@type":"ListItem","position":1,"name":"Home","item":"https:\/\/www.stalag307.it\/"},{"@type":"ListItem","position":2,"name":"Il primo nemico \u00e8 il freddo"}]},{"@type":"WebSite","@id":"https:\/\/www.stalag307.it\/#website","url":"https:\/\/www.stalag307.it\/","name":"Stalag 307","description":"Dall&#039;8 settembre 1943 al 26 agosto 1945: la prigionia nei campi nazisti di Luigi Biraghi, tenente del 9\u00b0 alpini.","publisher":{"@id":"https:\/\/www.stalag307.it\/#\/schema\/person\/429ede1ba10cd3538d1b89ab809fd00f"},"potentialAction":[{"@type":"SearchAction","target":{"@type":"EntryPoint","urlTemplate":"https:\/\/www.stalag307.it\/?s={search_term_string}"},"query-input":{"@type":"PropertyValueSpecification","valueRequired":true,"valueName":"search_term_string"}}],"inLanguage":"it-IT"},{"@type":["Person","Organization"],"@id":"https:\/\/www.stalag307.it\/#\/schema\/person\/429ede1ba10cd3538d1b89ab809fd00f","name":"Luigi Biraghi","logo":{"@id":"https:\/\/www.stalag307.it\/#\/schema\/person\/image\/"}},{"@type":"Person","@id":"https:\/\/www.stalag307.it\/#\/schema\/person\/74ee8b86755e6c2127781a45bba2e06e","name":"Alberto Biraghi"}]}},"jetpack_featured_media_url":"","jetpack_sharing_enabled":true,"_links":{"self":[{"href":"https:\/\/www.stalag307.it\/index.php?rest_route=\/wp\/v2\/posts\/801","targetHints":{"allow":["GET"]}}],"collection":[{"href":"https:\/\/www.stalag307.it\/index.php?rest_route=\/wp\/v2\/posts"}],"about":[{"href":"https:\/\/www.stalag307.it\/index.php?rest_route=\/wp\/v2\/types\/post"}],"author":[{"embeddable":true,"href":"https:\/\/www.stalag307.it\/index.php?rest_route=\/wp\/v2\/users\/2"}],"replies":[{"embeddable":true,"href":"https:\/\/www.stalag307.it\/index.php?rest_route=%2Fwp%2Fv2%2Fcomments&post=801"}],"version-history":[{"count":1,"href":"https:\/\/www.stalag307.it\/index.php?rest_route=\/wp\/v2\/posts\/801\/revisions"}],"predecessor-version":[{"id":802,"href":"https:\/\/www.stalag307.it\/index.php?rest_route=\/wp\/v2\/posts\/801\/revisions\/802"}],"wp:attachment":[{"href":"https:\/\/www.stalag307.it\/index.php?rest_route=%2Fwp%2Fv2%2Fmedia&parent=801"}],"wp:term":[{"taxonomy":"category","embeddable":true,"href":"https:\/\/www.stalag307.it\/index.php?rest_route=%2Fwp%2Fv2%2Fcategories&post=801"},{"taxonomy":"post_tag","embeddable":true,"href":"https:\/\/www.stalag307.it\/index.php?rest_route=%2Fwp%2Fv2%2Ftags&post=801"}],"curies":[{"name":"wp","href":"https:\/\/api.w.org\/{rel}","templated":true}]}}