{"id":796,"date":"2015-04-02T15:33:14","date_gmt":"2015-04-02T13:33:14","guid":{"rendered":"http:\/\/www.stalag307.it\/?p=796"},"modified":"2015-04-02T15:33:14","modified_gmt":"2015-04-02T13:33:14","slug":"sempre-piu-magro","status":"publish","type":"post","link":"https:\/\/www.stalag307.it\/?p=796","title":{"rendered":"Sempre pi\u00f9 magro"},"content":{"rendered":"<p>Nel campo sono arrivate da alcuni giorni circa 500 donne polacche che vengono trattate esattamente come noi. Fra di esse alcune in stato interessante ed ammalate hanno bisogno di particolari cure e chiedono il nostro soccorso. Si fanno infinite discussioni sulla maggiore o minore opportunit\u00e0 di dare qualche parte delle nostre razioni e non si vien a capo di niente. Anche i francesi non stanno pi\u00f9 bene come prima poich\u00e9 non ricevono per il momento i pacchi della C.R.Int. che sono in ritardo. I russi sono pi\u00f9 malandati che mai e fra noi aumentano continuamente i casi di TBC e di altre malattie. Penso a quando i pacchi saranno definitivamente finiti &#8211; Dio ce la mandi buona. <\/p>\n<p>Lavandomi il mattino fra le correnti d\u2019aria del lavatoio senza battenti alle finestre rimango impressionato dalla magrezza delle mie gambe e dal rilievo delle mie costole. Sono decisamente depresso &#8211; anche le notizie di grandi offensive all\u2019Ovest mi lasciano indifferente. Una notizia sola occorre: quella della fine, prima che per troppi sia tardi.<\/p>\n<p>Il 20 novembre cediamo un quarto della nostra razione di marmellata alle donne polacche. Nello stesso giorno termino brillantemente un importante lavoro: la trasformazione della vecchia argentina azzurra in mutandoni lunghi. L\u2019ordine del giorno porta, fra gli spettacoli e i viveri della settimana, la notizia di un decesso per t.b.c. Tranquillini va alla disinfestazione e prepara il bagaglio; i suoi amici trafficano per farlo restare  ma senza esito. Alla partenza poi gli fregano una stupenda coperta da casermaggio. Con lui \u00e8 partito un buon amico e un generoso camerata sempre pronto ad aiutare. <\/p>\n<p>Il 21 mi viene annunciato un pacco ed esulto per il provvidenziale arrivo \u2013 ma all\u2019atto del ritiro ho una gran delusione: il pacco \u00e8 sventrato ed il contenuto mi vien versato in miscela nella coperta; mancano un salame, farina e 80 gr. di tabacco. Accuratamente separo pane pasta riso che, con una scatola di carne costituiscono il contenuto superstite e faccio buon viso a cattiva sorte. Per qualche giorno mi sazier\u00f2, ma \u00e8 dolorosa la perdita di cose che probabilmente a Lina saranno costate parecchio. <\/p>\n<p>Il 22 viene annunciata la partenza di un altro scaglione e per Wietzendorf; e in un elenco supplettivo c\u2019\u00e8 Capretti che ha il 25684. Questo ci fa supporre che la prossima volta toccher\u00e0 a me a Manni a Colombo e a Pluto che abbiamo matricole cento posti sopra. Son passati due mesi dal nostro arrivo e ancora dormiamo a terra senza paglia. Vengono annunziati molti pacchi ma il mio, spedito dallo zio Oreste, non vuol arrivare. Anche quelli di Latisana e Brunello evidentemente si sono dimenticati di me. <\/p>\n","protected":false},"excerpt":{"rendered":"<p>Nel campo sono arrivate da alcuni giorni circa 500 donne polacche che vengono trattate esattamente come noi. Fra di esse alcune in stato interessante ed ammalate hanno bisogno di particolari cure e chiedono il nostro soccorso. Si fanno infinite discussioni &hellip; <a href=\"https:\/\/www.stalag307.it\/?p=796\">Continua a leggere<span class=\"meta-nav\">&rarr;<\/span><\/a><\/p>\n","protected":false},"author":2,"featured_media":0,"comment_status":"closed","ping_status":"open","sticky":false,"template":"","format":"standard","meta":{"_exactmetrics_skip_tracking":false,"_exactmetrics_sitenote_active":false,"_exactmetrics_sitenote_note":"","_exactmetrics_sitenote_category":0,"_jetpack_memberships_contains_paid_content":false,"footnotes":""},"categories":[2],"tags":[],"class_list":["post-796","post","type-post","status-publish","format-standard","hentry","category-ildiario"],"yoast_head":"<!-- This site is optimized with the Yoast SEO plugin v27.5 - https:\/\/yoast.com\/product\/yoast-seo-wordpress\/ -->\n<title>Sempre pi\u00f9 magro - Stalag 307<\/title>\n<meta name=\"robots\" content=\"index, follow, max-snippet:-1, max-image-preview:large, max-video-preview:-1\" \/>\n<link rel=\"canonical\" href=\"https:\/\/www.stalag307.it\/?p=796\" \/>\n<meta property=\"og:locale\" content=\"it_IT\" \/>\n<meta property=\"og:type\" content=\"article\" \/>\n<meta property=\"og:title\" content=\"Sempre pi\u00f9 magro - Stalag 307\" \/>\n<meta property=\"og:description\" content=\"Nel campo sono arrivate da alcuni giorni circa 500 donne polacche che vengono trattate esattamente come noi. Fra di esse alcune in stato interessante ed ammalate hanno bisogno di particolari cure e chiedono il nostro soccorso. Si fanno infinite discussioni &hellip; Continua a leggere&rarr;\" \/>\n<meta property=\"og:url\" content=\"https:\/\/www.stalag307.it\/?p=796\" \/>\n<meta property=\"og:site_name\" content=\"Stalag 307\" \/>\n<meta property=\"article:published_time\" content=\"2015-04-02T13:33:14+00:00\" \/>\n<meta name=\"author\" content=\"Alberto Biraghi\" \/>\n<meta name=\"twitter:card\" content=\"summary_large_image\" \/>\n<meta name=\"twitter:label1\" content=\"Scritto da\" \/>\n\t<meta name=\"twitter:data1\" content=\"Alberto Biraghi\" \/>\n\t<meta name=\"twitter:label2\" content=\"Tempo di lettura stimato\" \/>\n\t<meta name=\"twitter:data2\" content=\"2 minuti\" \/>\n<script type=\"application\/ld+json\" class=\"yoast-schema-graph\">{\"@context\":\"https:\\\/\\\/schema.org\",\"@graph\":[{\"@type\":\"Article\",\"@id\":\"https:\\\/\\\/www.stalag307.it\\\/?p=796#article\",\"isPartOf\":{\"@id\":\"https:\\\/\\\/www.stalag307.it\\\/?p=796\"},\"author\":{\"name\":\"Alberto Biraghi\",\"@id\":\"https:\\\/\\\/www.stalag307.it\\\/#\\\/schema\\\/person\\\/74ee8b86755e6c2127781a45bba2e06e\"},\"headline\":\"Sempre pi\u00f9 magro\",\"datePublished\":\"2015-04-02T13:33:14+00:00\",\"mainEntityOfPage\":{\"@id\":\"https:\\\/\\\/www.stalag307.it\\\/?p=796\"},\"wordCount\":438,\"publisher\":{\"@id\":\"https:\\\/\\\/www.stalag307.it\\\/#\\\/schema\\\/person\\\/429ede1ba10cd3538d1b89ab809fd00f\"},\"articleSection\":[\"Il diario di Luigi Biraghi\"],\"inLanguage\":\"it-IT\"},{\"@type\":\"WebPage\",\"@id\":\"https:\\\/\\\/www.stalag307.it\\\/?p=796\",\"url\":\"https:\\\/\\\/www.stalag307.it\\\/?p=796\",\"name\":\"Sempre pi\u00f9 magro - Stalag 307\",\"isPartOf\":{\"@id\":\"https:\\\/\\\/www.stalag307.it\\\/#website\"},\"datePublished\":\"2015-04-02T13:33:14+00:00\",\"breadcrumb\":{\"@id\":\"https:\\\/\\\/www.stalag307.it\\\/?p=796#breadcrumb\"},\"inLanguage\":\"it-IT\",\"potentialAction\":[{\"@type\":\"ReadAction\",\"target\":[\"https:\\\/\\\/www.stalag307.it\\\/?p=796\"]}]},{\"@type\":\"BreadcrumbList\",\"@id\":\"https:\\\/\\\/www.stalag307.it\\\/?p=796#breadcrumb\",\"itemListElement\":[{\"@type\":\"ListItem\",\"position\":1,\"name\":\"Home\",\"item\":\"https:\\\/\\\/www.stalag307.it\\\/\"},{\"@type\":\"ListItem\",\"position\":2,\"name\":\"Sempre pi\u00f9 magro\"}]},{\"@type\":\"WebSite\",\"@id\":\"https:\\\/\\\/www.stalag307.it\\\/#website\",\"url\":\"https:\\\/\\\/www.stalag307.it\\\/\",\"name\":\"Stalag 307\",\"description\":\"Dall&#039;8 settembre 1943 al 26 agosto 1945: la prigionia nei campi nazisti di Luigi Biraghi, tenente del 9\u00b0 alpini.\",\"publisher\":{\"@id\":\"https:\\\/\\\/www.stalag307.it\\\/#\\\/schema\\\/person\\\/429ede1ba10cd3538d1b89ab809fd00f\"},\"potentialAction\":[{\"@type\":\"SearchAction\",\"target\":{\"@type\":\"EntryPoint\",\"urlTemplate\":\"https:\\\/\\\/www.stalag307.it\\\/?s={search_term_string}\"},\"query-input\":{\"@type\":\"PropertyValueSpecification\",\"valueRequired\":true,\"valueName\":\"search_term_string\"}}],\"inLanguage\":\"it-IT\"},{\"@type\":[\"Person\",\"Organization\"],\"@id\":\"https:\\\/\\\/www.stalag307.it\\\/#\\\/schema\\\/person\\\/429ede1ba10cd3538d1b89ab809fd00f\",\"name\":\"Luigi Biraghi\",\"logo\":{\"@id\":\"https:\\\/\\\/www.stalag307.it\\\/#\\\/schema\\\/person\\\/image\\\/\"}},{\"@type\":\"Person\",\"@id\":\"https:\\\/\\\/www.stalag307.it\\\/#\\\/schema\\\/person\\\/74ee8b86755e6c2127781a45bba2e06e\",\"name\":\"Alberto Biraghi\"}]}<\/script>\n<!-- \/ Yoast SEO plugin. -->","yoast_head_json":{"title":"Sempre pi\u00f9 magro - Stalag 307","robots":{"index":"index","follow":"follow","max-snippet":"max-snippet:-1","max-image-preview":"max-image-preview:large","max-video-preview":"max-video-preview:-1"},"canonical":"https:\/\/www.stalag307.it\/?p=796","og_locale":"it_IT","og_type":"article","og_title":"Sempre pi\u00f9 magro - Stalag 307","og_description":"Nel campo sono arrivate da alcuni giorni circa 500 donne polacche che vengono trattate esattamente come noi. Fra di esse alcune in stato interessante ed ammalate hanno bisogno di particolari cure e chiedono il nostro soccorso. Si fanno infinite discussioni &hellip; Continua a leggere&rarr;","og_url":"https:\/\/www.stalag307.it\/?p=796","og_site_name":"Stalag 307","article_published_time":"2015-04-02T13:33:14+00:00","author":"Alberto Biraghi","twitter_card":"summary_large_image","twitter_misc":{"Scritto da":"Alberto Biraghi","Tempo di lettura stimato":"2 minuti"},"schema":{"@context":"https:\/\/schema.org","@graph":[{"@type":"Article","@id":"https:\/\/www.stalag307.it\/?p=796#article","isPartOf":{"@id":"https:\/\/www.stalag307.it\/?p=796"},"author":{"name":"Alberto Biraghi","@id":"https:\/\/www.stalag307.it\/#\/schema\/person\/74ee8b86755e6c2127781a45bba2e06e"},"headline":"Sempre pi\u00f9 magro","datePublished":"2015-04-02T13:33:14+00:00","mainEntityOfPage":{"@id":"https:\/\/www.stalag307.it\/?p=796"},"wordCount":438,"publisher":{"@id":"https:\/\/www.stalag307.it\/#\/schema\/person\/429ede1ba10cd3538d1b89ab809fd00f"},"articleSection":["Il diario di Luigi Biraghi"],"inLanguage":"it-IT"},{"@type":"WebPage","@id":"https:\/\/www.stalag307.it\/?p=796","url":"https:\/\/www.stalag307.it\/?p=796","name":"Sempre pi\u00f9 magro - Stalag 307","isPartOf":{"@id":"https:\/\/www.stalag307.it\/#website"},"datePublished":"2015-04-02T13:33:14+00:00","breadcrumb":{"@id":"https:\/\/www.stalag307.it\/?p=796#breadcrumb"},"inLanguage":"it-IT","potentialAction":[{"@type":"ReadAction","target":["https:\/\/www.stalag307.it\/?p=796"]}]},{"@type":"BreadcrumbList","@id":"https:\/\/www.stalag307.it\/?p=796#breadcrumb","itemListElement":[{"@type":"ListItem","position":1,"name":"Home","item":"https:\/\/www.stalag307.it\/"},{"@type":"ListItem","position":2,"name":"Sempre pi\u00f9 magro"}]},{"@type":"WebSite","@id":"https:\/\/www.stalag307.it\/#website","url":"https:\/\/www.stalag307.it\/","name":"Stalag 307","description":"Dall&#039;8 settembre 1943 al 26 agosto 1945: la prigionia nei campi nazisti di Luigi Biraghi, tenente del 9\u00b0 alpini.","publisher":{"@id":"https:\/\/www.stalag307.it\/#\/schema\/person\/429ede1ba10cd3538d1b89ab809fd00f"},"potentialAction":[{"@type":"SearchAction","target":{"@type":"EntryPoint","urlTemplate":"https:\/\/www.stalag307.it\/?s={search_term_string}"},"query-input":{"@type":"PropertyValueSpecification","valueRequired":true,"valueName":"search_term_string"}}],"inLanguage":"it-IT"},{"@type":["Person","Organization"],"@id":"https:\/\/www.stalag307.it\/#\/schema\/person\/429ede1ba10cd3538d1b89ab809fd00f","name":"Luigi Biraghi","logo":{"@id":"https:\/\/www.stalag307.it\/#\/schema\/person\/image\/"}},{"@type":"Person","@id":"https:\/\/www.stalag307.it\/#\/schema\/person\/74ee8b86755e6c2127781a45bba2e06e","name":"Alberto Biraghi"}]}},"jetpack_featured_media_url":"","jetpack_sharing_enabled":true,"_links":{"self":[{"href":"https:\/\/www.stalag307.it\/index.php?rest_route=\/wp\/v2\/posts\/796","targetHints":{"allow":["GET"]}}],"collection":[{"href":"https:\/\/www.stalag307.it\/index.php?rest_route=\/wp\/v2\/posts"}],"about":[{"href":"https:\/\/www.stalag307.it\/index.php?rest_route=\/wp\/v2\/types\/post"}],"author":[{"embeddable":true,"href":"https:\/\/www.stalag307.it\/index.php?rest_route=\/wp\/v2\/users\/2"}],"replies":[{"embeddable":true,"href":"https:\/\/www.stalag307.it\/index.php?rest_route=%2Fwp%2Fv2%2Fcomments&post=796"}],"version-history":[{"count":1,"href":"https:\/\/www.stalag307.it\/index.php?rest_route=\/wp\/v2\/posts\/796\/revisions"}],"predecessor-version":[{"id":797,"href":"https:\/\/www.stalag307.it\/index.php?rest_route=\/wp\/v2\/posts\/796\/revisions\/797"}],"wp:attachment":[{"href":"https:\/\/www.stalag307.it\/index.php?rest_route=%2Fwp%2Fv2%2Fmedia&parent=796"}],"wp:term":[{"taxonomy":"category","embeddable":true,"href":"https:\/\/www.stalag307.it\/index.php?rest_route=%2Fwp%2Fv2%2Fcategories&post=796"},{"taxonomy":"post_tag","embeddable":true,"href":"https:\/\/www.stalag307.it\/index.php?rest_route=%2Fwp%2Fv2%2Ftags&post=796"}],"curies":[{"name":"wp","href":"https:\/\/api.w.org\/{rel}","templated":true}]}}