{"id":785,"date":"2015-03-26T00:13:11","date_gmt":"2015-03-25T23:13:11","guid":{"rendered":"http:\/\/www.stalag307.it\/?p=785"},"modified":"2015-03-26T00:13:11","modified_gmt":"2015-03-25T23:13:11","slug":"a-teatro","status":"publish","type":"post","link":"https:\/\/www.stalag307.it\/?p=785","title":{"rendered":"A teatro"},"content":{"rendered":"<p>Il Comando tedesco avvisa anche di non avere disponibilit\u00e0 di combustibile per il riscaldamento e ci offre la possibilit\u00e0 di andare a far legna ma ci rifiutiamo all\u2019unanimit\u00e0. Sono annunciati parecchi pacchi che verranno distribuiti dal 23 in poi. Domenica 22, nel pomeriggio, allarme con chiusura nelle baracche; si sentono i tonfi su Brema e Amburgo. Gioved\u00ec 26 inizia la distribuzione dei pacchi rispediti da Oberlangen: gente fortunata riceve viveri in grande abbondanza poich\u00e9 in settembre le spedizioni sono state libere; altri ricevono pacchi di vestiario borghese che vien requisito. Nella nostra compagnia tutti ricevono qualcosa escluso io che rimango con la mia fame e con la mia voglia di fumare. Indirettamente beneficio di qualche sigaretta altrui, ma una volta di pi\u00f9 mi accorgo che difficilmente si ri\u00e0 quando si ha dato &#8211; ero pi\u00f9 prodigo io, quand\u2019ero nell\u2019abbondanza e gli altri nella scarsit\u00e0. <\/p>\n<p>Un gruppo di russi \u00e8 uscito dal campo con un maresciallo tedesco per un lavoro ad una caldaia; a lavoro ultimato hanno collaudato la caldaia facendovi cuocere dentro il maresciallo. Sono stati fucilati sul posto. Altri russi scappati dal campo sono entrati in una cascina ed hanno trucidato una famiglia &#8211; sono stati fucilati sul posto. Questo modo di agire pare sia diventato normale fra questa gente condannata ad una lenta morte per inedia \u2013 quando qualcuno di loro riesce a tagliar la corda vien dato l\u2019allarme in tutta la regione. <\/p>\n<p>Si attende la distribuzione del riso arrivato dall\u2019Italia &#8211; si parla anche di sigarette, di latte e di tonno speditici da C.R. estere. fosse vero! <\/p>\n<p>Il 22 va in scena una amena rivista che ci fa passare qualche ora di buonumore &#8211; \u00e8 notevole anche il teatro, con il sipario fatto di involucri pacchi ed altre simili utilizzazioni di fortuna. Splendidi sono i costumi femminili fatti con non so che sete e la truccatura delle girls. Gli attori recitano decisamente bene \u2013 benissimo in comico e v\u2019\u00e8 una scena di prigione le cui trovate ed il cui ritmo sono degne di migliori scene. In altra serata esordiscono alcuni milanesi con un atto della \u201cClass di asen\u201d riveduta e corretta e con \u201cFecappola interprete\u201d. Le allusioni e le canzonature sono ben evidenti &#8211; termina lo spettacolo con una recitazione di prosa cadenzata di De Marchi. <\/p>\n<p>Il 30 viene distribuito del riso \u2013 1.100 gr a noi e 1.600 ai vecchi del campo \u2013 della C.R.It. L\u2019ingiustizia della divisione che perequa in parte quanto in pi\u00f9 c\u2019era stato dato in galletta, suscita malcontento ed infinite discussioni. <\/p>\n<p>Ottobre termina e la guerra continua \u2013 perdo la scommessa di un pranzo con Manni e Marantoni. <\/p>\n<p>Arrivano quotidianamente pacchi ma io sono perseguitato dalla solita scalogna \u2013 tutti del gruppo ne hanno avuti ed io niente \u2013 neppure il pacco vestiario. Non riesco neppure a cuocere il riso per mancanza di combustibile ed ho decisamente fame oltre alla solita indomabile voglia di fumare che ha avuta una breve sosta per via di 10 sigarette distribuite dall\u2019Ambasciata Italiana. <\/p>\n","protected":false},"excerpt":{"rendered":"<p>Il Comando tedesco avvisa anche di non avere disponibilit\u00e0 di combustibile per il riscaldamento e ci offre la possibilit\u00e0 di andare a far legna ma ci rifiutiamo all\u2019unanimit\u00e0. Sono annunciati parecchi pacchi che verranno distribuiti dal 23 in poi. Domenica &hellip; <a href=\"https:\/\/www.stalag307.it\/?p=785\">Continua a leggere<span class=\"meta-nav\">&rarr;<\/span><\/a><\/p>\n","protected":false},"author":2,"featured_media":0,"comment_status":"closed","ping_status":"open","sticky":false,"template":"","format":"standard","meta":{"_exactmetrics_skip_tracking":false,"_exactmetrics_sitenote_active":false,"_exactmetrics_sitenote_note":"","_exactmetrics_sitenote_category":0,"_jetpack_memberships_contains_paid_content":false,"footnotes":""},"categories":[2],"tags":[],"class_list":["post-785","post","type-post","status-publish","format-standard","hentry","category-ildiario"],"yoast_head":"<!-- This site is optimized with the Yoast SEO plugin v27.5 - https:\/\/yoast.com\/product\/yoast-seo-wordpress\/ -->\n<title>A teatro - Stalag 307<\/title>\n<meta name=\"robots\" content=\"index, follow, max-snippet:-1, max-image-preview:large, max-video-preview:-1\" \/>\n<link rel=\"canonical\" href=\"https:\/\/www.stalag307.it\/?p=785\" \/>\n<meta property=\"og:locale\" content=\"it_IT\" \/>\n<meta property=\"og:type\" content=\"article\" \/>\n<meta property=\"og:title\" content=\"A teatro - Stalag 307\" \/>\n<meta property=\"og:description\" content=\"Il Comando tedesco avvisa anche di non avere disponibilit\u00e0 di combustibile per il riscaldamento e ci offre la possibilit\u00e0 di andare a far legna ma ci rifiutiamo all\u2019unanimit\u00e0. Sono annunciati parecchi pacchi che verranno distribuiti dal 23 in poi. Domenica &hellip; Continua a leggere&rarr;\" \/>\n<meta property=\"og:url\" content=\"https:\/\/www.stalag307.it\/?p=785\" \/>\n<meta property=\"og:site_name\" content=\"Stalag 307\" \/>\n<meta property=\"article:published_time\" content=\"2015-03-25T23:13:11+00:00\" \/>\n<meta name=\"author\" content=\"Alberto Biraghi\" \/>\n<meta name=\"twitter:card\" content=\"summary_large_image\" \/>\n<meta name=\"twitter:label1\" content=\"Scritto da\" \/>\n\t<meta name=\"twitter:data1\" content=\"Alberto Biraghi\" \/>\n\t<meta name=\"twitter:label2\" content=\"Tempo di lettura stimato\" \/>\n\t<meta name=\"twitter:data2\" content=\"2 minuti\" \/>\n<script type=\"application\/ld+json\" class=\"yoast-schema-graph\">{\"@context\":\"https:\\\/\\\/schema.org\",\"@graph\":[{\"@type\":\"Article\",\"@id\":\"https:\\\/\\\/www.stalag307.it\\\/?p=785#article\",\"isPartOf\":{\"@id\":\"https:\\\/\\\/www.stalag307.it\\\/?p=785\"},\"author\":{\"name\":\"Alberto Biraghi\",\"@id\":\"https:\\\/\\\/www.stalag307.it\\\/#\\\/schema\\\/person\\\/74ee8b86755e6c2127781a45bba2e06e\"},\"headline\":\"A teatro\",\"datePublished\":\"2015-03-25T23:13:11+00:00\",\"mainEntityOfPage\":{\"@id\":\"https:\\\/\\\/www.stalag307.it\\\/?p=785\"},\"wordCount\":493,\"publisher\":{\"@id\":\"https:\\\/\\\/www.stalag307.it\\\/#\\\/schema\\\/person\\\/429ede1ba10cd3538d1b89ab809fd00f\"},\"articleSection\":[\"Il diario di Luigi Biraghi\"],\"inLanguage\":\"it-IT\"},{\"@type\":\"WebPage\",\"@id\":\"https:\\\/\\\/www.stalag307.it\\\/?p=785\",\"url\":\"https:\\\/\\\/www.stalag307.it\\\/?p=785\",\"name\":\"A teatro - Stalag 307\",\"isPartOf\":{\"@id\":\"https:\\\/\\\/www.stalag307.it\\\/#website\"},\"datePublished\":\"2015-03-25T23:13:11+00:00\",\"breadcrumb\":{\"@id\":\"https:\\\/\\\/www.stalag307.it\\\/?p=785#breadcrumb\"},\"inLanguage\":\"it-IT\",\"potentialAction\":[{\"@type\":\"ReadAction\",\"target\":[\"https:\\\/\\\/www.stalag307.it\\\/?p=785\"]}]},{\"@type\":\"BreadcrumbList\",\"@id\":\"https:\\\/\\\/www.stalag307.it\\\/?p=785#breadcrumb\",\"itemListElement\":[{\"@type\":\"ListItem\",\"position\":1,\"name\":\"Home\",\"item\":\"https:\\\/\\\/www.stalag307.it\\\/\"},{\"@type\":\"ListItem\",\"position\":2,\"name\":\"A teatro\"}]},{\"@type\":\"WebSite\",\"@id\":\"https:\\\/\\\/www.stalag307.it\\\/#website\",\"url\":\"https:\\\/\\\/www.stalag307.it\\\/\",\"name\":\"Stalag 307\",\"description\":\"Dall&#039;8 settembre 1943 al 26 agosto 1945: la prigionia nei campi nazisti di Luigi Biraghi, tenente del 9\u00b0 alpini.\",\"publisher\":{\"@id\":\"https:\\\/\\\/www.stalag307.it\\\/#\\\/schema\\\/person\\\/429ede1ba10cd3538d1b89ab809fd00f\"},\"potentialAction\":[{\"@type\":\"SearchAction\",\"target\":{\"@type\":\"EntryPoint\",\"urlTemplate\":\"https:\\\/\\\/www.stalag307.it\\\/?s={search_term_string}\"},\"query-input\":{\"@type\":\"PropertyValueSpecification\",\"valueRequired\":true,\"valueName\":\"search_term_string\"}}],\"inLanguage\":\"it-IT\"},{\"@type\":[\"Person\",\"Organization\"],\"@id\":\"https:\\\/\\\/www.stalag307.it\\\/#\\\/schema\\\/person\\\/429ede1ba10cd3538d1b89ab809fd00f\",\"name\":\"Luigi Biraghi\",\"logo\":{\"@id\":\"https:\\\/\\\/www.stalag307.it\\\/#\\\/schema\\\/person\\\/image\\\/\"}},{\"@type\":\"Person\",\"@id\":\"https:\\\/\\\/www.stalag307.it\\\/#\\\/schema\\\/person\\\/74ee8b86755e6c2127781a45bba2e06e\",\"name\":\"Alberto Biraghi\"}]}<\/script>\n<!-- \/ Yoast SEO plugin. -->","yoast_head_json":{"title":"A teatro - Stalag 307","robots":{"index":"index","follow":"follow","max-snippet":"max-snippet:-1","max-image-preview":"max-image-preview:large","max-video-preview":"max-video-preview:-1"},"canonical":"https:\/\/www.stalag307.it\/?p=785","og_locale":"it_IT","og_type":"article","og_title":"A teatro - Stalag 307","og_description":"Il Comando tedesco avvisa anche di non avere disponibilit\u00e0 di combustibile per il riscaldamento e ci offre la possibilit\u00e0 di andare a far legna ma ci rifiutiamo all\u2019unanimit\u00e0. Sono annunciati parecchi pacchi che verranno distribuiti dal 23 in poi. Domenica &hellip; Continua a leggere&rarr;","og_url":"https:\/\/www.stalag307.it\/?p=785","og_site_name":"Stalag 307","article_published_time":"2015-03-25T23:13:11+00:00","author":"Alberto Biraghi","twitter_card":"summary_large_image","twitter_misc":{"Scritto da":"Alberto Biraghi","Tempo di lettura stimato":"2 minuti"},"schema":{"@context":"https:\/\/schema.org","@graph":[{"@type":"Article","@id":"https:\/\/www.stalag307.it\/?p=785#article","isPartOf":{"@id":"https:\/\/www.stalag307.it\/?p=785"},"author":{"name":"Alberto Biraghi","@id":"https:\/\/www.stalag307.it\/#\/schema\/person\/74ee8b86755e6c2127781a45bba2e06e"},"headline":"A teatro","datePublished":"2015-03-25T23:13:11+00:00","mainEntityOfPage":{"@id":"https:\/\/www.stalag307.it\/?p=785"},"wordCount":493,"publisher":{"@id":"https:\/\/www.stalag307.it\/#\/schema\/person\/429ede1ba10cd3538d1b89ab809fd00f"},"articleSection":["Il diario di Luigi Biraghi"],"inLanguage":"it-IT"},{"@type":"WebPage","@id":"https:\/\/www.stalag307.it\/?p=785","url":"https:\/\/www.stalag307.it\/?p=785","name":"A teatro - Stalag 307","isPartOf":{"@id":"https:\/\/www.stalag307.it\/#website"},"datePublished":"2015-03-25T23:13:11+00:00","breadcrumb":{"@id":"https:\/\/www.stalag307.it\/?p=785#breadcrumb"},"inLanguage":"it-IT","potentialAction":[{"@type":"ReadAction","target":["https:\/\/www.stalag307.it\/?p=785"]}]},{"@type":"BreadcrumbList","@id":"https:\/\/www.stalag307.it\/?p=785#breadcrumb","itemListElement":[{"@type":"ListItem","position":1,"name":"Home","item":"https:\/\/www.stalag307.it\/"},{"@type":"ListItem","position":2,"name":"A teatro"}]},{"@type":"WebSite","@id":"https:\/\/www.stalag307.it\/#website","url":"https:\/\/www.stalag307.it\/","name":"Stalag 307","description":"Dall&#039;8 settembre 1943 al 26 agosto 1945: la prigionia nei campi nazisti di Luigi Biraghi, tenente del 9\u00b0 alpini.","publisher":{"@id":"https:\/\/www.stalag307.it\/#\/schema\/person\/429ede1ba10cd3538d1b89ab809fd00f"},"potentialAction":[{"@type":"SearchAction","target":{"@type":"EntryPoint","urlTemplate":"https:\/\/www.stalag307.it\/?s={search_term_string}"},"query-input":{"@type":"PropertyValueSpecification","valueRequired":true,"valueName":"search_term_string"}}],"inLanguage":"it-IT"},{"@type":["Person","Organization"],"@id":"https:\/\/www.stalag307.it\/#\/schema\/person\/429ede1ba10cd3538d1b89ab809fd00f","name":"Luigi Biraghi","logo":{"@id":"https:\/\/www.stalag307.it\/#\/schema\/person\/image\/"}},{"@type":"Person","@id":"https:\/\/www.stalag307.it\/#\/schema\/person\/74ee8b86755e6c2127781a45bba2e06e","name":"Alberto Biraghi"}]}},"jetpack_featured_media_url":"","jetpack_sharing_enabled":true,"_links":{"self":[{"href":"https:\/\/www.stalag307.it\/index.php?rest_route=\/wp\/v2\/posts\/785","targetHints":{"allow":["GET"]}}],"collection":[{"href":"https:\/\/www.stalag307.it\/index.php?rest_route=\/wp\/v2\/posts"}],"about":[{"href":"https:\/\/www.stalag307.it\/index.php?rest_route=\/wp\/v2\/types\/post"}],"author":[{"embeddable":true,"href":"https:\/\/www.stalag307.it\/index.php?rest_route=\/wp\/v2\/users\/2"}],"replies":[{"embeddable":true,"href":"https:\/\/www.stalag307.it\/index.php?rest_route=%2Fwp%2Fv2%2Fcomments&post=785"}],"version-history":[{"count":1,"href":"https:\/\/www.stalag307.it\/index.php?rest_route=\/wp\/v2\/posts\/785\/revisions"}],"predecessor-version":[{"id":786,"href":"https:\/\/www.stalag307.it\/index.php?rest_route=\/wp\/v2\/posts\/785\/revisions\/786"}],"wp:attachment":[{"href":"https:\/\/www.stalag307.it\/index.php?rest_route=%2Fwp%2Fv2%2Fmedia&parent=785"}],"wp:term":[{"taxonomy":"category","embeddable":true,"href":"https:\/\/www.stalag307.it\/index.php?rest_route=%2Fwp%2Fv2%2Fcategories&post=785"},{"taxonomy":"post_tag","embeddable":true,"href":"https:\/\/www.stalag307.it\/index.php?rest_route=%2Fwp%2Fv2%2Ftags&post=785"}],"curies":[{"name":"wp","href":"https:\/\/api.w.org\/{rel}","templated":true}]}}