{"id":781,"date":"2015-03-25T23:57:33","date_gmt":"2015-03-25T22:57:33","guid":{"rendered":"http:\/\/www.stalag307.it\/?p=781"},"modified":"2015-03-25T23:57:33","modified_gmt":"2015-03-25T22:57:33","slug":"sandbostel-ce-guareschi","status":"publish","type":"post","link":"https:\/\/www.stalag307.it\/?p=781","title":{"rendered":"Sandbostel: c&#8217;\u00e8 Guareschi"},"content":{"rendered":"<p>L\u2019indomani, 28 settembre ci inquadriamo nel nuovo campo. Un reticolato ci separa da altri 6.000 ufficiali italiani che stanno per finire una quarantena per tifo petecchiale debolmente manifestatosi. Il campo \u00e8 sito nella solita landa desolata \u2013 la zona \u00e8 fredda e piovosa; il paese pi\u00f9 vicino \u00e8 Sandbostel e Brema \u00e8, pare, a circa 40 km. Passiamo i primi giorni a compiere i soliti lavori di sistemazione, fra cui particolarmente importante la sostituzione di cartoni alle finestre con regolari vetri \u201ccomperati\u201d altrove e, a furia di corde e chiodi riusciamo a sistemare i nostri beni, ormai d\u2019altronde ridottissimi. Io dormo tra il silenzioso Turi e Colombo &#8211; vengono poi Manni, Capretti, Panazza, Milesi, Spaccesi. Il lato di fronte \u00e8 occupato dai soliti terroni inconcludenti: siamo infatti noi a sistemare la finestra, la luce, a procurare ramazze, a fare la bilancia ecc. ecc. <\/p>\n<p>Il 29 prendiamo contatto con il sistema locale di distribuzione viveri: qui hanno trionfato le patate alla mano \u2013 circa mezzo chilo, \u2013 lo zucchero alla mano, la margarina alla mano, la carne alla mano (20 gr. di tanto in tanto) e la spesa \u00e8 lunghissima e complicatissima. Il rancio caldo \u00e8 fatto di cavoli freschi o secchi, o di crauti, o, una volta alla settimana, di miglio. Si mangia a orari spostati, dato che il rancio deve essere confezionato a turni per tutti gli italiani del campo, ma si mangia meglio anche se in realt\u00e0 la sostanza \u00e8 sempre quella. Quella che non accenna a cambiare \u00e8 la necessit\u00e0 di passare la notte sul duro pavimento, e le ossa, sempre pi\u00f9 ammaccate, mi dolgono e mi impediscon di dormire. <\/p>\n<p>Come sempre c\u2019\u00e8 stato un miglioramento nel vitto ed un peggioramento nell\u2019alloggio. Di quando in quando, fra un acquazzone e l\u2019altro, si pu\u00f2 passeggiare nel vasto cortile; le adunate sono pi\u00f9 disciplinate che a Oberlangen per maggior severit\u00e0 degli ufficiali tedeschi sempre pronti a urlare. Il 3 ottobre termina la quarantena e vengono abbattuti i reticolati fra noi e gli altri italiani: subito ci diamo alla ricerca di eventuali conoscenze ma non ne trovo, almeno in un primo tempo. <\/p>\n<p>Le caratteristiche del X B sono: dormire per terra \u2013 assenza di cimici \u2013 presenza di poche pulci \u2013 gabinetti pi\u00f9 decenti \u2013 grandi cortili per passeggiare \u2013 nessuna intromissione di tedeschi nelle baracche \u2013 adunata rapida \u2013 per quanto possibile \u2013 e disciplinatissima. <\/p>\n<p>Dal 5 al 10 ottobre abbiamo delle splendide giornate di sole nelle quali passo molte ore leggendo e passeggiando all\u2019aperto. Trovo Cagna, vecchio compagno e amico del Corso. Mi confeziono un paio di mutande con le rimanenze del lenzuolo. Riprendo seriamente lo studio dell\u2019inglese. Mi arriva finalmente una cartolina da Renata del 1 luglio. Mi dice che mi spedir\u00e0 vestiario borghese &#8211; e questa \u00e8 una fregatura &#8211; ma mi d\u00e0 anche buone notizie sue e di Titti e questo \u00e8 quel che conta. Nel viaggio dalla stazione al Campo ho fumate le ultime sigarette ed ora tiro innanzi con qualche cicca e qualche tiro rimediato dai colleghi. Ma pure loro sono a corto \u2013 Colombo escluso \u2013 e luned\u00ec 9 cesso di fumare completamente. In pari dato sono anche costretto alla razione avendo esauriti gli ultimi viveri. Cos\u00ec festeggio poco allegramente, per la seconda volta in prigionia, il compleanno di Titti. Penso a lui, come ogni giorno, con indicibile affetto ed il desiderio di rivederlo \u00e8 pi\u00f9 grande che mai. <\/p>\n<p>Il 9 giunge al campo, rispedito da Oberlangen, un vagone di galletta, formaggio e latte condensato. Se venisse distribuito fra noi di Oberlangen sarebbero 8 kg di viveri a testa, ma vien distribuito fra tutti e ci toccano kg. 1,7 di galletta, 3 scatole di formaggio e una scatola di latte. Non \u00e8 molto ma \u00e8 quanto basta per allontanare la fame per un\u2019altra settimana. Naturalmente il comando Italiano compie nella distribuzione le consuete parzialit\u00e0 a favore di quelli che erano nel campo prima di noi e che avevan gi\u00e0 avute altre distribuzioni, ma un ordine del giorno avverte che anche le future distribuzioni destinate al X 13 saranno equamente ripartite fra tutti. Naturalmente, essendo noi 2.000 e quelli 6.000 ci rimettiamo ma pro bono pacis si tace. <\/p>\n<p>La voglia di fumare \u00e8 insopportabile e contrariamente al sistema cedo una galletta per 8 Caporal. Nel campo \u00e8 stato organizzato, e si gioca, un campionato regionale di bocce. Colombo e Capretti vengono subito eliminati &#8211; io non mi iscrivo. Il cattivo tempo dei giorni seguenti impedisce il regolare proseguimento del campionato che si trasciner\u00e0 a lungo. Primo e secondo premio sono dei diplomi di Guareschi che si trova pure qui prigioniero. Ci vengon date alcune coperte, ma ogni cinque ed io conquisto una seconda coperta \u2013 ne ho cos\u00ec una da stender sotto ed una per coprirmi \u2013 ma sono piccole e non bastano, cos\u00ec spesso, oltre che per il duro, mi sveglio per il freddo. Le pulci sono diventate innumerevoli ed aggressive. Nelle baracche con castelli hanno anche molte cimici. I pidocchi pure fanno frequenti apparizioni, anche nella nostra baracca. Cedo un\u2019altra galletta per sigarette e domenica 15 termino il tutto. <\/p>\n","protected":false},"excerpt":{"rendered":"<p>L\u2019indomani, 28 settembre ci inquadriamo nel nuovo campo. Un reticolato ci separa da altri 6.000 ufficiali italiani che stanno per finire una quarantena per tifo petecchiale debolmente manifestatosi. Il campo \u00e8 sito nella solita landa desolata \u2013 la zona \u00e8 &hellip; <a href=\"https:\/\/www.stalag307.it\/?p=781\">Continua a leggere<span class=\"meta-nav\">&rarr;<\/span><\/a><\/p>\n","protected":false},"author":2,"featured_media":0,"comment_status":"closed","ping_status":"open","sticky":false,"template":"","format":"standard","meta":{"_exactmetrics_skip_tracking":false,"_exactmetrics_sitenote_active":false,"_exactmetrics_sitenote_note":"","_exactmetrics_sitenote_category":0,"_jetpack_memberships_contains_paid_content":false,"footnotes":""},"categories":[2],"tags":[],"class_list":["post-781","post","type-post","status-publish","format-standard","hentry","category-ildiario"],"yoast_head":"<!-- This site is optimized with the Yoast SEO plugin v27.5 - https:\/\/yoast.com\/product\/yoast-seo-wordpress\/ -->\n<title>Sandbostel: c&#039;\u00e8 Guareschi - Stalag 307<\/title>\n<meta name=\"robots\" content=\"index, follow, max-snippet:-1, max-image-preview:large, max-video-preview:-1\" \/>\n<link rel=\"canonical\" href=\"https:\/\/www.stalag307.it\/?p=781\" \/>\n<meta property=\"og:locale\" content=\"it_IT\" \/>\n<meta property=\"og:type\" content=\"article\" \/>\n<meta property=\"og:title\" content=\"Sandbostel: c&#039;\u00e8 Guareschi - Stalag 307\" \/>\n<meta property=\"og:description\" content=\"L\u2019indomani, 28 settembre ci inquadriamo nel nuovo campo. Un reticolato ci separa da altri 6.000 ufficiali italiani che stanno per finire una quarantena per tifo petecchiale debolmente manifestatosi. Il campo \u00e8 sito nella solita landa desolata \u2013 la zona \u00e8 &hellip; Continua a leggere&rarr;\" \/>\n<meta property=\"og:url\" content=\"https:\/\/www.stalag307.it\/?p=781\" \/>\n<meta property=\"og:site_name\" content=\"Stalag 307\" \/>\n<meta property=\"article:published_time\" content=\"2015-03-25T22:57:33+00:00\" \/>\n<meta name=\"author\" content=\"Alberto Biraghi\" \/>\n<meta name=\"twitter:card\" content=\"summary_large_image\" \/>\n<meta name=\"twitter:label1\" content=\"Scritto da\" \/>\n\t<meta name=\"twitter:data1\" content=\"Alberto Biraghi\" \/>\n\t<meta name=\"twitter:label2\" content=\"Tempo di lettura stimato\" \/>\n\t<meta name=\"twitter:data2\" content=\"4 minuti\" \/>\n<script type=\"application\/ld+json\" class=\"yoast-schema-graph\">{\"@context\":\"https:\\\/\\\/schema.org\",\"@graph\":[{\"@type\":\"Article\",\"@id\":\"https:\\\/\\\/www.stalag307.it\\\/?p=781#article\",\"isPartOf\":{\"@id\":\"https:\\\/\\\/www.stalag307.it\\\/?p=781\"},\"author\":{\"name\":\"Alberto Biraghi\",\"@id\":\"https:\\\/\\\/www.stalag307.it\\\/#\\\/schema\\\/person\\\/74ee8b86755e6c2127781a45bba2e06e\"},\"headline\":\"Sandbostel: c&#8217;\u00e8 Guareschi\",\"datePublished\":\"2015-03-25T22:57:33+00:00\",\"mainEntityOfPage\":{\"@id\":\"https:\\\/\\\/www.stalag307.it\\\/?p=781\"},\"wordCount\":809,\"publisher\":{\"@id\":\"https:\\\/\\\/www.stalag307.it\\\/#\\\/schema\\\/person\\\/429ede1ba10cd3538d1b89ab809fd00f\"},\"articleSection\":[\"Il diario di Luigi Biraghi\"],\"inLanguage\":\"it-IT\"},{\"@type\":\"WebPage\",\"@id\":\"https:\\\/\\\/www.stalag307.it\\\/?p=781\",\"url\":\"https:\\\/\\\/www.stalag307.it\\\/?p=781\",\"name\":\"Sandbostel: c'\u00e8 Guareschi - Stalag 307\",\"isPartOf\":{\"@id\":\"https:\\\/\\\/www.stalag307.it\\\/#website\"},\"datePublished\":\"2015-03-25T22:57:33+00:00\",\"breadcrumb\":{\"@id\":\"https:\\\/\\\/www.stalag307.it\\\/?p=781#breadcrumb\"},\"inLanguage\":\"it-IT\",\"potentialAction\":[{\"@type\":\"ReadAction\",\"target\":[\"https:\\\/\\\/www.stalag307.it\\\/?p=781\"]}]},{\"@type\":\"BreadcrumbList\",\"@id\":\"https:\\\/\\\/www.stalag307.it\\\/?p=781#breadcrumb\",\"itemListElement\":[{\"@type\":\"ListItem\",\"position\":1,\"name\":\"Home\",\"item\":\"https:\\\/\\\/www.stalag307.it\\\/\"},{\"@type\":\"ListItem\",\"position\":2,\"name\":\"Sandbostel: c&#8217;\u00e8 Guareschi\"}]},{\"@type\":\"WebSite\",\"@id\":\"https:\\\/\\\/www.stalag307.it\\\/#website\",\"url\":\"https:\\\/\\\/www.stalag307.it\\\/\",\"name\":\"Stalag 307\",\"description\":\"Dall&#039;8 settembre 1943 al 26 agosto 1945: la prigionia nei campi nazisti di Luigi Biraghi, tenente del 9\u00b0 alpini.\",\"publisher\":{\"@id\":\"https:\\\/\\\/www.stalag307.it\\\/#\\\/schema\\\/person\\\/429ede1ba10cd3538d1b89ab809fd00f\"},\"potentialAction\":[{\"@type\":\"SearchAction\",\"target\":{\"@type\":\"EntryPoint\",\"urlTemplate\":\"https:\\\/\\\/www.stalag307.it\\\/?s={search_term_string}\"},\"query-input\":{\"@type\":\"PropertyValueSpecification\",\"valueRequired\":true,\"valueName\":\"search_term_string\"}}],\"inLanguage\":\"it-IT\"},{\"@type\":[\"Person\",\"Organization\"],\"@id\":\"https:\\\/\\\/www.stalag307.it\\\/#\\\/schema\\\/person\\\/429ede1ba10cd3538d1b89ab809fd00f\",\"name\":\"Luigi Biraghi\",\"logo\":{\"@id\":\"https:\\\/\\\/www.stalag307.it\\\/#\\\/schema\\\/person\\\/image\\\/\"}},{\"@type\":\"Person\",\"@id\":\"https:\\\/\\\/www.stalag307.it\\\/#\\\/schema\\\/person\\\/74ee8b86755e6c2127781a45bba2e06e\",\"name\":\"Alberto Biraghi\"}]}<\/script>\n<!-- \/ Yoast SEO plugin. -->","yoast_head_json":{"title":"Sandbostel: c'\u00e8 Guareschi - Stalag 307","robots":{"index":"index","follow":"follow","max-snippet":"max-snippet:-1","max-image-preview":"max-image-preview:large","max-video-preview":"max-video-preview:-1"},"canonical":"https:\/\/www.stalag307.it\/?p=781","og_locale":"it_IT","og_type":"article","og_title":"Sandbostel: c'\u00e8 Guareschi - Stalag 307","og_description":"L\u2019indomani, 28 settembre ci inquadriamo nel nuovo campo. Un reticolato ci separa da altri 6.000 ufficiali italiani che stanno per finire una quarantena per tifo petecchiale debolmente manifestatosi. Il campo \u00e8 sito nella solita landa desolata \u2013 la zona \u00e8 &hellip; Continua a leggere&rarr;","og_url":"https:\/\/www.stalag307.it\/?p=781","og_site_name":"Stalag 307","article_published_time":"2015-03-25T22:57:33+00:00","author":"Alberto Biraghi","twitter_card":"summary_large_image","twitter_misc":{"Scritto da":"Alberto Biraghi","Tempo di lettura stimato":"4 minuti"},"schema":{"@context":"https:\/\/schema.org","@graph":[{"@type":"Article","@id":"https:\/\/www.stalag307.it\/?p=781#article","isPartOf":{"@id":"https:\/\/www.stalag307.it\/?p=781"},"author":{"name":"Alberto Biraghi","@id":"https:\/\/www.stalag307.it\/#\/schema\/person\/74ee8b86755e6c2127781a45bba2e06e"},"headline":"Sandbostel: c&#8217;\u00e8 Guareschi","datePublished":"2015-03-25T22:57:33+00:00","mainEntityOfPage":{"@id":"https:\/\/www.stalag307.it\/?p=781"},"wordCount":809,"publisher":{"@id":"https:\/\/www.stalag307.it\/#\/schema\/person\/429ede1ba10cd3538d1b89ab809fd00f"},"articleSection":["Il diario di Luigi Biraghi"],"inLanguage":"it-IT"},{"@type":"WebPage","@id":"https:\/\/www.stalag307.it\/?p=781","url":"https:\/\/www.stalag307.it\/?p=781","name":"Sandbostel: c'\u00e8 Guareschi - Stalag 307","isPartOf":{"@id":"https:\/\/www.stalag307.it\/#website"},"datePublished":"2015-03-25T22:57:33+00:00","breadcrumb":{"@id":"https:\/\/www.stalag307.it\/?p=781#breadcrumb"},"inLanguage":"it-IT","potentialAction":[{"@type":"ReadAction","target":["https:\/\/www.stalag307.it\/?p=781"]}]},{"@type":"BreadcrumbList","@id":"https:\/\/www.stalag307.it\/?p=781#breadcrumb","itemListElement":[{"@type":"ListItem","position":1,"name":"Home","item":"https:\/\/www.stalag307.it\/"},{"@type":"ListItem","position":2,"name":"Sandbostel: c&#8217;\u00e8 Guareschi"}]},{"@type":"WebSite","@id":"https:\/\/www.stalag307.it\/#website","url":"https:\/\/www.stalag307.it\/","name":"Stalag 307","description":"Dall&#039;8 settembre 1943 al 26 agosto 1945: la prigionia nei campi nazisti di Luigi Biraghi, tenente del 9\u00b0 alpini.","publisher":{"@id":"https:\/\/www.stalag307.it\/#\/schema\/person\/429ede1ba10cd3538d1b89ab809fd00f"},"potentialAction":[{"@type":"SearchAction","target":{"@type":"EntryPoint","urlTemplate":"https:\/\/www.stalag307.it\/?s={search_term_string}"},"query-input":{"@type":"PropertyValueSpecification","valueRequired":true,"valueName":"search_term_string"}}],"inLanguage":"it-IT"},{"@type":["Person","Organization"],"@id":"https:\/\/www.stalag307.it\/#\/schema\/person\/429ede1ba10cd3538d1b89ab809fd00f","name":"Luigi Biraghi","logo":{"@id":"https:\/\/www.stalag307.it\/#\/schema\/person\/image\/"}},{"@type":"Person","@id":"https:\/\/www.stalag307.it\/#\/schema\/person\/74ee8b86755e6c2127781a45bba2e06e","name":"Alberto Biraghi"}]}},"jetpack_featured_media_url":"","jetpack_sharing_enabled":true,"_links":{"self":[{"href":"https:\/\/www.stalag307.it\/index.php?rest_route=\/wp\/v2\/posts\/781","targetHints":{"allow":["GET"]}}],"collection":[{"href":"https:\/\/www.stalag307.it\/index.php?rest_route=\/wp\/v2\/posts"}],"about":[{"href":"https:\/\/www.stalag307.it\/index.php?rest_route=\/wp\/v2\/types\/post"}],"author":[{"embeddable":true,"href":"https:\/\/www.stalag307.it\/index.php?rest_route=\/wp\/v2\/users\/2"}],"replies":[{"embeddable":true,"href":"https:\/\/www.stalag307.it\/index.php?rest_route=%2Fwp%2Fv2%2Fcomments&post=781"}],"version-history":[{"count":1,"href":"https:\/\/www.stalag307.it\/index.php?rest_route=\/wp\/v2\/posts\/781\/revisions"}],"predecessor-version":[{"id":782,"href":"https:\/\/www.stalag307.it\/index.php?rest_route=\/wp\/v2\/posts\/781\/revisions\/782"}],"wp:attachment":[{"href":"https:\/\/www.stalag307.it\/index.php?rest_route=%2Fwp%2Fv2%2Fmedia&parent=781"}],"wp:term":[{"taxonomy":"category","embeddable":true,"href":"https:\/\/www.stalag307.it\/index.php?rest_route=%2Fwp%2Fv2%2Fcategories&post=781"},{"taxonomy":"post_tag","embeddable":true,"href":"https:\/\/www.stalag307.it\/index.php?rest_route=%2Fwp%2Fv2%2Ftags&post=781"}],"curies":[{"name":"wp","href":"https:\/\/api.w.org\/{rel}","templated":true}]}}