{"id":770,"date":"2015-03-25T23:38:34","date_gmt":"2015-03-25T22:38:34","guid":{"rendered":"http:\/\/www.stalag307.it\/?p=770"},"modified":"2015-03-25T23:38:34","modified_gmt":"2015-03-25T22:38:34","slug":"22-luglio-un-anno","status":"publish","type":"post","link":"https:\/\/www.stalag307.it\/?p=770","title":{"rendered":"22 luglio: un anno"},"content":{"rendered":"<p>22 luglio: ricorre un anno da quando ho lasciato per l\u2019ultima volta la casa e la famiglia &#8211; la nostalgia di essa \u00e8 pi\u00f9 grande che mai e in alcuni momenti mi pare impossibile contenere i sentimenti che provo per Renata e per Titti ed il desiderio di rivederli \u00e8 pi\u00f9 grande di ogni cosa. La nostra attenzione \u00e8 intanto tutta rivolta a quanto succede in Germania: si parla di un attentato a Hitler e di disordini e scissioni. Parzialmente le notizie vengono poi confermate ufficialmente e noi viviamo ore di ansiosa attesa \u2013 ma fino ad oggi, 25, abbiamo la sensazione che la barca scricchioli ma che non accenni a sfasciarsi. Nei giorni successivi, dalle notizie che entrano nel campo, si viene a sapere che la guerra \u00e8 stata in grave pericolo per via del colpo di stato ma che purtroppo nulla \u00e8 cambiato. La mano della Provvidenza ha protetto ancora una volta il F\u00fcrer. I discorsi dei ministri tedeschi ci rendono noto che un altro giro di vite \u00e8 stato dato alla disciplina in Germania. <\/p>\n<p>Il giorno 28 ci vien domandato, ad uno ad uno, se intendiamo aderire volontariamente al lavoro. I \u201csi\u201d sono ben pochi ed il Colonnello tedesco resta deluso. Naturalmente le pressioni per il lavoro sono accompagnate dalle solite angheriucce: severit\u00e0 disciplinare e proibizione di cucinare. C\u2019\u00e8 gente affamata che mangia riso crudo macerato nell\u2019acqua. Ma c\u2019\u00e8 anche una miriade di stufette clandestine che funzionano abusivamente nei luoghi pi\u00f9 impensati. Osservo che il posto messomi a disposizione dalla cuccetta arriva ad un metro cubo. Su essa devono starci: la valigia, il sacco alpino, la divisa e gli stivali appesi, il sacco e la cassettina con i viveri a portata di mano, la biancheria lavata ad asciugare, i libri, il necessario per toeletta, coperte e necessario per dormire, borraccia ecc. Inoltre, naturalmente, ci devo stare io a mangiare, dormire ecc. ecc.<\/p>\n<p>La prima settimana di agosto trascorre in relativa tranquillit\u00e0: non si parla di adesioni al lavoro; la cucina funziona ed i risotti cuociono allegramente; il rancio migliora sensibilmente con l\u2019inizio delle patate novelle; il tempo buono ci permette di passare le giornate all\u2019aperto in costume da bagno; inoltre le notizie sulla guerra sono tali da dare buone speranze. In un pacco trovo delle piccole foto di Titti lungo, secco e sorridente. La seconda settimana vede la partenza dei 200 pi\u00f9 giovani ufficiali del campo: si dice che vengano inviati all\u2019Arbeits Komm. di Bonar ma non si sa se sia per lavoro obbligatorio o per il solito tentativo, come pi\u00f9 probabile. Si dice che in seguito partiranno altri ufficiali. In questo periodo di avvenimenti risolutivi ai fini della guerra, la nostra pazienza \u00e8 messa a dura prova e l\u2019attesa \u00e8 decisamente spasmodica \u2013 ma il morale \u00e8 alto e l\u2019affiatamento aumenta sempre pi\u00f9 in seguito alle passate selezioni. Le camerate sono sempre strapiene e le pulci e le cimici ingrassano. Il 14, stanco degli assalti notturni di quest\u2019ultime do una caccia spietata e ne catturo una ventina che, poste in un tubetto di vetro, costituiscono una formidabile e minacciosa arma. Durante la seconda settimana di agosto molti giovanissimi partono e si preparano distinte di successivi partenti.<\/p>\n<p>Il ferragosto ci porta la notizia dello sbarco a Tolone; ogni giorno \u00e8 foriero di mirabolanti notizie, ma solito esse risultano almeno in parte frutto di fantasie eccitate. Alla baracca convegno si rappresenta una rivista veramente graziosa che ci fa passare un\u2019ora di buonumore. Trascrivo i gridi che nelle camerate servono ad allontanare gli scocciatori: optare! aderire! repubblica! baracca 10! lavandini! torba! fagiolini! camicia nera! Bolivia! Ognuno di essi ha il suo significato e la sua origine.<\/p>\n<p>Con tranquilla ed intima cerimonia, ufficiali che furon fatti prigionieri prima di prender servizio, giurano fedelt\u00e0 alla Patria. <\/p>\n","protected":false},"excerpt":{"rendered":"<p>22 luglio: ricorre un anno da quando ho lasciato per l\u2019ultima volta la casa e la famiglia &#8211; la nostalgia di essa \u00e8 pi\u00f9 grande che mai e in alcuni momenti mi pare impossibile contenere i sentimenti che provo per &hellip; <a href=\"https:\/\/www.stalag307.it\/?p=770\">Continua a leggere<span class=\"meta-nav\">&rarr;<\/span><\/a><\/p>\n","protected":false},"author":2,"featured_media":0,"comment_status":"closed","ping_status":"open","sticky":false,"template":"","format":"standard","meta":{"_exactmetrics_skip_tracking":false,"_exactmetrics_sitenote_active":false,"_exactmetrics_sitenote_note":"","_exactmetrics_sitenote_category":0,"_jetpack_memberships_contains_paid_content":false,"footnotes":""},"categories":[2],"tags":[],"class_list":["post-770","post","type-post","status-publish","format-standard","hentry","category-ildiario"],"yoast_head":"<!-- This site is optimized with the Yoast SEO plugin v27.5 - https:\/\/yoast.com\/product\/yoast-seo-wordpress\/ -->\n<title>22 luglio: un anno - Stalag 307<\/title>\n<meta name=\"robots\" content=\"index, follow, max-snippet:-1, max-image-preview:large, max-video-preview:-1\" \/>\n<link rel=\"canonical\" href=\"https:\/\/www.stalag307.it\/?p=770\" \/>\n<meta property=\"og:locale\" content=\"it_IT\" \/>\n<meta property=\"og:type\" content=\"article\" \/>\n<meta property=\"og:title\" content=\"22 luglio: un anno - Stalag 307\" \/>\n<meta property=\"og:description\" content=\"22 luglio: ricorre un anno da quando ho lasciato per l\u2019ultima volta la casa e la famiglia &#8211; la nostalgia di essa \u00e8 pi\u00f9 grande che mai e in alcuni momenti mi pare impossibile contenere i sentimenti che provo per &hellip; Continua a leggere&rarr;\" \/>\n<meta property=\"og:url\" content=\"https:\/\/www.stalag307.it\/?p=770\" \/>\n<meta property=\"og:site_name\" content=\"Stalag 307\" \/>\n<meta property=\"article:published_time\" content=\"2015-03-25T22:38:34+00:00\" \/>\n<meta name=\"author\" content=\"Alberto Biraghi\" \/>\n<meta name=\"twitter:card\" content=\"summary_large_image\" \/>\n<meta name=\"twitter:label1\" content=\"Scritto da\" \/>\n\t<meta name=\"twitter:data1\" content=\"Alberto Biraghi\" \/>\n\t<meta name=\"twitter:label2\" content=\"Tempo di lettura stimato\" \/>\n\t<meta name=\"twitter:data2\" content=\"3 minuti\" \/>\n<script type=\"application\/ld+json\" class=\"yoast-schema-graph\">{\"@context\":\"https:\\\/\\\/schema.org\",\"@graph\":[{\"@type\":\"Article\",\"@id\":\"https:\\\/\\\/www.stalag307.it\\\/?p=770#article\",\"isPartOf\":{\"@id\":\"https:\\\/\\\/www.stalag307.it\\\/?p=770\"},\"author\":{\"name\":\"Alberto Biraghi\",\"@id\":\"https:\\\/\\\/www.stalag307.it\\\/#\\\/schema\\\/person\\\/74ee8b86755e6c2127781a45bba2e06e\"},\"headline\":\"22 luglio: un anno\",\"datePublished\":\"2015-03-25T22:38:34+00:00\",\"mainEntityOfPage\":{\"@id\":\"https:\\\/\\\/www.stalag307.it\\\/?p=770\"},\"wordCount\":620,\"publisher\":{\"@id\":\"https:\\\/\\\/www.stalag307.it\\\/#\\\/schema\\\/person\\\/429ede1ba10cd3538d1b89ab809fd00f\"},\"articleSection\":[\"Il diario di Luigi Biraghi\"],\"inLanguage\":\"it-IT\"},{\"@type\":\"WebPage\",\"@id\":\"https:\\\/\\\/www.stalag307.it\\\/?p=770\",\"url\":\"https:\\\/\\\/www.stalag307.it\\\/?p=770\",\"name\":\"22 luglio: un anno - Stalag 307\",\"isPartOf\":{\"@id\":\"https:\\\/\\\/www.stalag307.it\\\/#website\"},\"datePublished\":\"2015-03-25T22:38:34+00:00\",\"breadcrumb\":{\"@id\":\"https:\\\/\\\/www.stalag307.it\\\/?p=770#breadcrumb\"},\"inLanguage\":\"it-IT\",\"potentialAction\":[{\"@type\":\"ReadAction\",\"target\":[\"https:\\\/\\\/www.stalag307.it\\\/?p=770\"]}]},{\"@type\":\"BreadcrumbList\",\"@id\":\"https:\\\/\\\/www.stalag307.it\\\/?p=770#breadcrumb\",\"itemListElement\":[{\"@type\":\"ListItem\",\"position\":1,\"name\":\"Home\",\"item\":\"https:\\\/\\\/www.stalag307.it\\\/\"},{\"@type\":\"ListItem\",\"position\":2,\"name\":\"22 luglio: un anno\"}]},{\"@type\":\"WebSite\",\"@id\":\"https:\\\/\\\/www.stalag307.it\\\/#website\",\"url\":\"https:\\\/\\\/www.stalag307.it\\\/\",\"name\":\"Stalag 307\",\"description\":\"Dall&#039;8 settembre 1943 al 26 agosto 1945: la prigionia nei campi nazisti di Luigi Biraghi, tenente del 9\u00b0 alpini.\",\"publisher\":{\"@id\":\"https:\\\/\\\/www.stalag307.it\\\/#\\\/schema\\\/person\\\/429ede1ba10cd3538d1b89ab809fd00f\"},\"potentialAction\":[{\"@type\":\"SearchAction\",\"target\":{\"@type\":\"EntryPoint\",\"urlTemplate\":\"https:\\\/\\\/www.stalag307.it\\\/?s={search_term_string}\"},\"query-input\":{\"@type\":\"PropertyValueSpecification\",\"valueRequired\":true,\"valueName\":\"search_term_string\"}}],\"inLanguage\":\"it-IT\"},{\"@type\":[\"Person\",\"Organization\"],\"@id\":\"https:\\\/\\\/www.stalag307.it\\\/#\\\/schema\\\/person\\\/429ede1ba10cd3538d1b89ab809fd00f\",\"name\":\"Luigi Biraghi\",\"logo\":{\"@id\":\"https:\\\/\\\/www.stalag307.it\\\/#\\\/schema\\\/person\\\/image\\\/\"}},{\"@type\":\"Person\",\"@id\":\"https:\\\/\\\/www.stalag307.it\\\/#\\\/schema\\\/person\\\/74ee8b86755e6c2127781a45bba2e06e\",\"name\":\"Alberto Biraghi\"}]}<\/script>\n<!-- \/ Yoast SEO plugin. -->","yoast_head_json":{"title":"22 luglio: un anno - Stalag 307","robots":{"index":"index","follow":"follow","max-snippet":"max-snippet:-1","max-image-preview":"max-image-preview:large","max-video-preview":"max-video-preview:-1"},"canonical":"https:\/\/www.stalag307.it\/?p=770","og_locale":"it_IT","og_type":"article","og_title":"22 luglio: un anno - Stalag 307","og_description":"22 luglio: ricorre un anno da quando ho lasciato per l\u2019ultima volta la casa e la famiglia &#8211; la nostalgia di essa \u00e8 pi\u00f9 grande che mai e in alcuni momenti mi pare impossibile contenere i sentimenti che provo per &hellip; Continua a leggere&rarr;","og_url":"https:\/\/www.stalag307.it\/?p=770","og_site_name":"Stalag 307","article_published_time":"2015-03-25T22:38:34+00:00","author":"Alberto Biraghi","twitter_card":"summary_large_image","twitter_misc":{"Scritto da":"Alberto Biraghi","Tempo di lettura stimato":"3 minuti"},"schema":{"@context":"https:\/\/schema.org","@graph":[{"@type":"Article","@id":"https:\/\/www.stalag307.it\/?p=770#article","isPartOf":{"@id":"https:\/\/www.stalag307.it\/?p=770"},"author":{"name":"Alberto Biraghi","@id":"https:\/\/www.stalag307.it\/#\/schema\/person\/74ee8b86755e6c2127781a45bba2e06e"},"headline":"22 luglio: un anno","datePublished":"2015-03-25T22:38:34+00:00","mainEntityOfPage":{"@id":"https:\/\/www.stalag307.it\/?p=770"},"wordCount":620,"publisher":{"@id":"https:\/\/www.stalag307.it\/#\/schema\/person\/429ede1ba10cd3538d1b89ab809fd00f"},"articleSection":["Il diario di Luigi Biraghi"],"inLanguage":"it-IT"},{"@type":"WebPage","@id":"https:\/\/www.stalag307.it\/?p=770","url":"https:\/\/www.stalag307.it\/?p=770","name":"22 luglio: un anno - Stalag 307","isPartOf":{"@id":"https:\/\/www.stalag307.it\/#website"},"datePublished":"2015-03-25T22:38:34+00:00","breadcrumb":{"@id":"https:\/\/www.stalag307.it\/?p=770#breadcrumb"},"inLanguage":"it-IT","potentialAction":[{"@type":"ReadAction","target":["https:\/\/www.stalag307.it\/?p=770"]}]},{"@type":"BreadcrumbList","@id":"https:\/\/www.stalag307.it\/?p=770#breadcrumb","itemListElement":[{"@type":"ListItem","position":1,"name":"Home","item":"https:\/\/www.stalag307.it\/"},{"@type":"ListItem","position":2,"name":"22 luglio: un anno"}]},{"@type":"WebSite","@id":"https:\/\/www.stalag307.it\/#website","url":"https:\/\/www.stalag307.it\/","name":"Stalag 307","description":"Dall&#039;8 settembre 1943 al 26 agosto 1945: la prigionia nei campi nazisti di Luigi Biraghi, tenente del 9\u00b0 alpini.","publisher":{"@id":"https:\/\/www.stalag307.it\/#\/schema\/person\/429ede1ba10cd3538d1b89ab809fd00f"},"potentialAction":[{"@type":"SearchAction","target":{"@type":"EntryPoint","urlTemplate":"https:\/\/www.stalag307.it\/?s={search_term_string}"},"query-input":{"@type":"PropertyValueSpecification","valueRequired":true,"valueName":"search_term_string"}}],"inLanguage":"it-IT"},{"@type":["Person","Organization"],"@id":"https:\/\/www.stalag307.it\/#\/schema\/person\/429ede1ba10cd3538d1b89ab809fd00f","name":"Luigi Biraghi","logo":{"@id":"https:\/\/www.stalag307.it\/#\/schema\/person\/image\/"}},{"@type":"Person","@id":"https:\/\/www.stalag307.it\/#\/schema\/person\/74ee8b86755e6c2127781a45bba2e06e","name":"Alberto Biraghi"}]}},"jetpack_featured_media_url":"","jetpack_sharing_enabled":true,"_links":{"self":[{"href":"https:\/\/www.stalag307.it\/index.php?rest_route=\/wp\/v2\/posts\/770","targetHints":{"allow":["GET"]}}],"collection":[{"href":"https:\/\/www.stalag307.it\/index.php?rest_route=\/wp\/v2\/posts"}],"about":[{"href":"https:\/\/www.stalag307.it\/index.php?rest_route=\/wp\/v2\/types\/post"}],"author":[{"embeddable":true,"href":"https:\/\/www.stalag307.it\/index.php?rest_route=\/wp\/v2\/users\/2"}],"replies":[{"embeddable":true,"href":"https:\/\/www.stalag307.it\/index.php?rest_route=%2Fwp%2Fv2%2Fcomments&post=770"}],"version-history":[{"count":1,"href":"https:\/\/www.stalag307.it\/index.php?rest_route=\/wp\/v2\/posts\/770\/revisions"}],"predecessor-version":[{"id":771,"href":"https:\/\/www.stalag307.it\/index.php?rest_route=\/wp\/v2\/posts\/770\/revisions\/771"}],"wp:attachment":[{"href":"https:\/\/www.stalag307.it\/index.php?rest_route=%2Fwp%2Fv2%2Fmedia&parent=770"}],"wp:term":[{"taxonomy":"category","embeddable":true,"href":"https:\/\/www.stalag307.it\/index.php?rest_route=%2Fwp%2Fv2%2Fcategories&post=770"},{"taxonomy":"post_tag","embeddable":true,"href":"https:\/\/www.stalag307.it\/index.php?rest_route=%2Fwp%2Fv2%2Ftags&post=770"}],"curies":[{"name":"wp","href":"https:\/\/api.w.org\/{rel}","templated":true}]}}