{"id":635,"date":"2015-03-18T11:29:02","date_gmt":"2015-03-18T10:29:02","guid":{"rendered":"http:\/\/www.stalag307.it\/?p=635"},"modified":"2015-03-18T11:29:02","modified_gmt":"2015-03-18T10:29:02","slug":"senza-notizie-da-febbraio","status":"publish","type":"post","link":"https:\/\/www.stalag307.it\/?p=635","title":{"rendered":"Senza notizie da febbraio"},"content":{"rendered":"<p>L\u2019accumularsi della fame, della stanchezza, del disagio provocato dalla sporcizia, rende tutti pensierosi. Io, come gli altri, ripenso alla possibilit\u00e0 di un\u2019adesione al fronte del lavoro, dato che dalle baracche di fronte han cominciato a partire alcuni specialisti a cui sono state fatte ottime condizioni. Mi vien la tentazione di darmi in nota come fotografo per avere qualche probabilit\u00e0 di impiego dato che come impiegato ne avrei ben poche. Ma c\u2019\u00e8 in me una voce interna che mi sconsiglia, anche se la visione di una vita tranquilla divisa fra un laboratorio ed una camera pulita \u00e8 quanto mai allettante. L\u2019argomento \u00e8 stato oggetto di troppe discussioni in passato perch\u00e9 possa essere ancora trattato ad alta voce; ognuno si limita a rimuginarlo nella propria testa e vedo Brunello, che passa le ore disegnando ed acquarellando, dare i primi sintomi di indecisione. <\/p>\n<p>6 aprile &#8211; Giornata piovosa e malinconica. Brunello prende visione delle Convenzioni di Ginevra per farsi un concetto personale su quanto di lecito e di illecito vi sia nell\u2019aderire al lavoro. Io, per conto mio, decido per l\u2019ennesima volta di temporeggiare nonostante siano cadute le ragioni che mi avevano indotto a prendere in precedenza decisioni negative. Infatti, per ora almeno, le destinazioni a impieghi vengono fatte, consenziente l\u2019interessato, secondo le specializzazioni personali. Sono gli stessi industriali tedeschi che vengono al campo a scegliere il personale che occorre loro e, i prescelti, sono soddisfattissimi anche per le condizioni di vita e di retribuzione che vengono loro fatte. <\/p>\n<p>Dal 25 febbraio non mi rado la barba, nonostante la proibizione, poich\u00e9 una delle tante superstizioni da prigioniero, mi fa presentire che quand\u2019essa sar\u00e0 lunga tre centimetri avverr\u00e0 qualcosa di sensazionale. I radi peli del mio mento hanno gi\u00e0 sorpassato il centimetro \u2013 a met\u00e0 raggiunta, se gli avvenimenti non avverranno, li provocher\u00f2 io dandomi in nota come lavoratore \u2013 penso che far\u00f2 magari il facchino ma che un\u2019estate nella stretta odiosa comunit\u00e0 della baracca cercher\u00f2 di non passarla.<\/p>\n<p>Dal 25 febbraio, data di una cartolina mandatami da Nino, non ho notizie dall\u2019Italia ed i giorni passano senza che il servizio postale accenni a riprendere. I tedeschi, come per ogni nostra necessit\u00e0, rispondono con il solito \u201cmorgen\u201d. \u00c8 stato consentito di scrivere ma non \u00e8 ancora stato stabilito l\u2019indirizzo del campo per la risposta &#8211; inoltre non sono state distribuite le cartoline ed io non ne ho conservate quando ne davano parecchie. Penso che anche per Renata, analogamente a quanto scrivono famiglie di altri, il quotidiano problema degli approvvigionamenti sia sempre pi\u00f9 irto di difficolt\u00e0 e penso a quanto le vien sottratto dai pacchi per me. Anche questo \u00e8 un elemento da tener presente nelle mie decisioni dato che viver sano qui senza l\u2019aiuto dei pacchi \u00e8 impossibile. Il sacchetto del riso che mi d\u00e0 l\u2019aiuto quotidiano cala inesorabilmente ogni giorno e fra breve saran dolori. <\/p>\n<p>Sta trascorrendo la settimana santa senza che i tedeschi abbiano provveduto ad inviare al campo un prete per accontentare la richiesta dei credenti. Anche questo fa parte del programma di rappresaglia verso i \u201ctraditori\u201d?<\/p>\n","protected":false},"excerpt":{"rendered":"<p>L\u2019accumularsi della fame, della stanchezza, del disagio provocato dalla sporcizia, rende tutti pensierosi. Io, come gli altri, ripenso alla possibilit\u00e0 di un\u2019adesione al fronte del lavoro, dato che dalle baracche di fronte han cominciato a partire alcuni specialisti a cui &hellip; <a href=\"https:\/\/www.stalag307.it\/?p=635\">Continua a leggere<span class=\"meta-nav\">&rarr;<\/span><\/a><\/p>\n","protected":false},"author":2,"featured_media":0,"comment_status":"closed","ping_status":"open","sticky":false,"template":"","format":"standard","meta":{"_exactmetrics_skip_tracking":false,"_exactmetrics_sitenote_active":false,"_exactmetrics_sitenote_note":"","_exactmetrics_sitenote_category":0,"_jetpack_memberships_contains_paid_content":false,"footnotes":""},"categories":[2],"tags":[],"class_list":["post-635","post","type-post","status-publish","format-standard","hentry","category-ildiario"],"yoast_head":"<!-- This site is optimized with the Yoast SEO plugin v27.5 - https:\/\/yoast.com\/product\/yoast-seo-wordpress\/ -->\n<title>Senza notizie da febbraio - Stalag 307<\/title>\n<meta name=\"robots\" content=\"index, follow, max-snippet:-1, max-image-preview:large, max-video-preview:-1\" \/>\n<link rel=\"canonical\" href=\"https:\/\/www.stalag307.it\/?p=635\" \/>\n<meta property=\"og:locale\" content=\"it_IT\" \/>\n<meta property=\"og:type\" content=\"article\" \/>\n<meta property=\"og:title\" content=\"Senza notizie da febbraio - Stalag 307\" \/>\n<meta property=\"og:description\" content=\"L\u2019accumularsi della fame, della stanchezza, del disagio provocato dalla sporcizia, rende tutti pensierosi. Io, come gli altri, ripenso alla possibilit\u00e0 di un\u2019adesione al fronte del lavoro, dato che dalle baracche di fronte han cominciato a partire alcuni specialisti a cui &hellip; Continua a leggere&rarr;\" \/>\n<meta property=\"og:url\" content=\"https:\/\/www.stalag307.it\/?p=635\" \/>\n<meta property=\"og:site_name\" content=\"Stalag 307\" \/>\n<meta property=\"article:published_time\" content=\"2015-03-18T10:29:02+00:00\" \/>\n<meta name=\"author\" content=\"Alberto Biraghi\" \/>\n<meta name=\"twitter:card\" content=\"summary_large_image\" \/>\n<meta name=\"twitter:label1\" content=\"Scritto da\" \/>\n\t<meta name=\"twitter:data1\" content=\"Alberto Biraghi\" \/>\n\t<meta name=\"twitter:label2\" content=\"Tempo di lettura stimato\" \/>\n\t<meta name=\"twitter:data2\" content=\"3 minuti\" \/>\n<script type=\"application\/ld+json\" class=\"yoast-schema-graph\">{\"@context\":\"https:\\\/\\\/schema.org\",\"@graph\":[{\"@type\":\"Article\",\"@id\":\"https:\\\/\\\/www.stalag307.it\\\/?p=635#article\",\"isPartOf\":{\"@id\":\"https:\\\/\\\/www.stalag307.it\\\/?p=635\"},\"author\":{\"name\":\"Alberto Biraghi\",\"@id\":\"https:\\\/\\\/www.stalag307.it\\\/#\\\/schema\\\/person\\\/74ee8b86755e6c2127781a45bba2e06e\"},\"headline\":\"Senza notizie da febbraio\",\"datePublished\":\"2015-03-18T10:29:02+00:00\",\"mainEntityOfPage\":{\"@id\":\"https:\\\/\\\/www.stalag307.it\\\/?p=635\"},\"wordCount\":511,\"publisher\":{\"@id\":\"https:\\\/\\\/www.stalag307.it\\\/#\\\/schema\\\/person\\\/429ede1ba10cd3538d1b89ab809fd00f\"},\"articleSection\":[\"Il diario di Luigi Biraghi\"],\"inLanguage\":\"it-IT\"},{\"@type\":\"WebPage\",\"@id\":\"https:\\\/\\\/www.stalag307.it\\\/?p=635\",\"url\":\"https:\\\/\\\/www.stalag307.it\\\/?p=635\",\"name\":\"Senza notizie da febbraio - Stalag 307\",\"isPartOf\":{\"@id\":\"https:\\\/\\\/www.stalag307.it\\\/#website\"},\"datePublished\":\"2015-03-18T10:29:02+00:00\",\"breadcrumb\":{\"@id\":\"https:\\\/\\\/www.stalag307.it\\\/?p=635#breadcrumb\"},\"inLanguage\":\"it-IT\",\"potentialAction\":[{\"@type\":\"ReadAction\",\"target\":[\"https:\\\/\\\/www.stalag307.it\\\/?p=635\"]}]},{\"@type\":\"BreadcrumbList\",\"@id\":\"https:\\\/\\\/www.stalag307.it\\\/?p=635#breadcrumb\",\"itemListElement\":[{\"@type\":\"ListItem\",\"position\":1,\"name\":\"Home\",\"item\":\"https:\\\/\\\/www.stalag307.it\\\/\"},{\"@type\":\"ListItem\",\"position\":2,\"name\":\"Senza notizie da febbraio\"}]},{\"@type\":\"WebSite\",\"@id\":\"https:\\\/\\\/www.stalag307.it\\\/#website\",\"url\":\"https:\\\/\\\/www.stalag307.it\\\/\",\"name\":\"Stalag 307\",\"description\":\"Dall&#039;8 settembre 1943 al 26 agosto 1945: la prigionia nei campi nazisti di Luigi Biraghi, tenente del 9\u00b0 alpini.\",\"publisher\":{\"@id\":\"https:\\\/\\\/www.stalag307.it\\\/#\\\/schema\\\/person\\\/429ede1ba10cd3538d1b89ab809fd00f\"},\"potentialAction\":[{\"@type\":\"SearchAction\",\"target\":{\"@type\":\"EntryPoint\",\"urlTemplate\":\"https:\\\/\\\/www.stalag307.it\\\/?s={search_term_string}\"},\"query-input\":{\"@type\":\"PropertyValueSpecification\",\"valueRequired\":true,\"valueName\":\"search_term_string\"}}],\"inLanguage\":\"it-IT\"},{\"@type\":[\"Person\",\"Organization\"],\"@id\":\"https:\\\/\\\/www.stalag307.it\\\/#\\\/schema\\\/person\\\/429ede1ba10cd3538d1b89ab809fd00f\",\"name\":\"Luigi Biraghi\",\"logo\":{\"@id\":\"https:\\\/\\\/www.stalag307.it\\\/#\\\/schema\\\/person\\\/image\\\/\"}},{\"@type\":\"Person\",\"@id\":\"https:\\\/\\\/www.stalag307.it\\\/#\\\/schema\\\/person\\\/74ee8b86755e6c2127781a45bba2e06e\",\"name\":\"Alberto Biraghi\"}]}<\/script>\n<!-- \/ Yoast SEO plugin. -->","yoast_head_json":{"title":"Senza notizie da febbraio - Stalag 307","robots":{"index":"index","follow":"follow","max-snippet":"max-snippet:-1","max-image-preview":"max-image-preview:large","max-video-preview":"max-video-preview:-1"},"canonical":"https:\/\/www.stalag307.it\/?p=635","og_locale":"it_IT","og_type":"article","og_title":"Senza notizie da febbraio - Stalag 307","og_description":"L\u2019accumularsi della fame, della stanchezza, del disagio provocato dalla sporcizia, rende tutti pensierosi. Io, come gli altri, ripenso alla possibilit\u00e0 di un\u2019adesione al fronte del lavoro, dato che dalle baracche di fronte han cominciato a partire alcuni specialisti a cui &hellip; Continua a leggere&rarr;","og_url":"https:\/\/www.stalag307.it\/?p=635","og_site_name":"Stalag 307","article_published_time":"2015-03-18T10:29:02+00:00","author":"Alberto Biraghi","twitter_card":"summary_large_image","twitter_misc":{"Scritto da":"Alberto Biraghi","Tempo di lettura stimato":"3 minuti"},"schema":{"@context":"https:\/\/schema.org","@graph":[{"@type":"Article","@id":"https:\/\/www.stalag307.it\/?p=635#article","isPartOf":{"@id":"https:\/\/www.stalag307.it\/?p=635"},"author":{"name":"Alberto Biraghi","@id":"https:\/\/www.stalag307.it\/#\/schema\/person\/74ee8b86755e6c2127781a45bba2e06e"},"headline":"Senza notizie da febbraio","datePublished":"2015-03-18T10:29:02+00:00","mainEntityOfPage":{"@id":"https:\/\/www.stalag307.it\/?p=635"},"wordCount":511,"publisher":{"@id":"https:\/\/www.stalag307.it\/#\/schema\/person\/429ede1ba10cd3538d1b89ab809fd00f"},"articleSection":["Il diario di Luigi Biraghi"],"inLanguage":"it-IT"},{"@type":"WebPage","@id":"https:\/\/www.stalag307.it\/?p=635","url":"https:\/\/www.stalag307.it\/?p=635","name":"Senza notizie da febbraio - Stalag 307","isPartOf":{"@id":"https:\/\/www.stalag307.it\/#website"},"datePublished":"2015-03-18T10:29:02+00:00","breadcrumb":{"@id":"https:\/\/www.stalag307.it\/?p=635#breadcrumb"},"inLanguage":"it-IT","potentialAction":[{"@type":"ReadAction","target":["https:\/\/www.stalag307.it\/?p=635"]}]},{"@type":"BreadcrumbList","@id":"https:\/\/www.stalag307.it\/?p=635#breadcrumb","itemListElement":[{"@type":"ListItem","position":1,"name":"Home","item":"https:\/\/www.stalag307.it\/"},{"@type":"ListItem","position":2,"name":"Senza notizie da febbraio"}]},{"@type":"WebSite","@id":"https:\/\/www.stalag307.it\/#website","url":"https:\/\/www.stalag307.it\/","name":"Stalag 307","description":"Dall&#039;8 settembre 1943 al 26 agosto 1945: la prigionia nei campi nazisti di Luigi Biraghi, tenente del 9\u00b0 alpini.","publisher":{"@id":"https:\/\/www.stalag307.it\/#\/schema\/person\/429ede1ba10cd3538d1b89ab809fd00f"},"potentialAction":[{"@type":"SearchAction","target":{"@type":"EntryPoint","urlTemplate":"https:\/\/www.stalag307.it\/?s={search_term_string}"},"query-input":{"@type":"PropertyValueSpecification","valueRequired":true,"valueName":"search_term_string"}}],"inLanguage":"it-IT"},{"@type":["Person","Organization"],"@id":"https:\/\/www.stalag307.it\/#\/schema\/person\/429ede1ba10cd3538d1b89ab809fd00f","name":"Luigi Biraghi","logo":{"@id":"https:\/\/www.stalag307.it\/#\/schema\/person\/image\/"}},{"@type":"Person","@id":"https:\/\/www.stalag307.it\/#\/schema\/person\/74ee8b86755e6c2127781a45bba2e06e","name":"Alberto Biraghi"}]}},"jetpack_featured_media_url":"","jetpack_sharing_enabled":true,"_links":{"self":[{"href":"https:\/\/www.stalag307.it\/index.php?rest_route=\/wp\/v2\/posts\/635","targetHints":{"allow":["GET"]}}],"collection":[{"href":"https:\/\/www.stalag307.it\/index.php?rest_route=\/wp\/v2\/posts"}],"about":[{"href":"https:\/\/www.stalag307.it\/index.php?rest_route=\/wp\/v2\/types\/post"}],"author":[{"embeddable":true,"href":"https:\/\/www.stalag307.it\/index.php?rest_route=\/wp\/v2\/users\/2"}],"replies":[{"embeddable":true,"href":"https:\/\/www.stalag307.it\/index.php?rest_route=%2Fwp%2Fv2%2Fcomments&post=635"}],"version-history":[{"count":1,"href":"https:\/\/www.stalag307.it\/index.php?rest_route=\/wp\/v2\/posts\/635\/revisions"}],"predecessor-version":[{"id":636,"href":"https:\/\/www.stalag307.it\/index.php?rest_route=\/wp\/v2\/posts\/635\/revisions\/636"}],"wp:attachment":[{"href":"https:\/\/www.stalag307.it\/index.php?rest_route=%2Fwp%2Fv2%2Fmedia&parent=635"}],"wp:term":[{"taxonomy":"category","embeddable":true,"href":"https:\/\/www.stalag307.it\/index.php?rest_route=%2Fwp%2Fv2%2Fcategories&post=635"},{"taxonomy":"post_tag","embeddable":true,"href":"https:\/\/www.stalag307.it\/index.php?rest_route=%2Fwp%2Fv2%2Ftags&post=635"}],"curies":[{"name":"wp","href":"https:\/\/api.w.org\/{rel}","templated":true}]}}