{"id":596,"date":"2015-03-14T14:49:44","date_gmt":"2015-03-14T13:49:44","guid":{"rendered":"http:\/\/www.stalag307.it\/?p=596"},"modified":"2015-03-14T14:49:44","modified_gmt":"2015-03-14T13:49:44","slug":"finalmente-il-pacco","status":"publish","type":"post","link":"https:\/\/www.stalag307.it\/?p=596","title":{"rendered":"Finalmente il pacco!"},"content":{"rendered":"<p>Il 23, giornata allegra per il ritiro del pacco \u2013 solita cerimonia e lieta sorpresa: trovo del pane biscotto, delle castagne, del latte condensato e del riso. Inizia, agli effetti dell\u2019alimentazione, una era nuova in cui i risotti all\u2019inglese, le tartine di lardo, le castagne cotte nel latte, fanno dimenticare ogni guaio. Finalmente provo la volutt\u00e0 di essere sazio e con la saziet\u00e0 torna il buon umore e termina l\u2019insonnia; senza contare che la manipolazione dei cibi costituisce un gradevole passatempo.<\/p>\n<p>Il 26 facciamo la fotografia a gruppi di sei, con in mano una tabella sulla quale son scritti nome e matricola, alla maniera dei galeotti di SingSing. Negli ultimi giorni di febbraio partono, a gruppi, i lavoratori che sanno il tedesco; le vociferazioni di partenza anche per noi aumentano; ma niente \u00e8 sicuro ed il mese termina in bellezza perch\u00e9 mi arriva posta da casa: una cartolina del 7\/2 in cui Renata mi da buone notizie e mi annuncia di aver spediti ben 7 pacchi. Devo rassegnarmi a considerare perso il pacco spedito il 3\/1 che da ben due mesi viaggia senza arrivare  &#8211; e questo, per la mia insaziabile fame, \u00e8 un dispiacere non indifferente. <\/p>\n<p>Marzo ha inizio sotto buoni auspici: abbiamo delle splendide giornate di sole che, col freddo dell\u2019aria, fa pensare al clima di Cortina; le voci di rientro in Italia sono insistenti e consolanti anche se di scarsa attendibilit\u00e0; lo stomaco \u00e8 costantemente sazio \u2013 o quasi \u2013 e non incombe la preoccupazione del domani dato che ho provviste considerevoli che, opportunamente razionate, potranno durare fino a met\u00e0 mese; e, per finire, il rancio subisce un notevole miglioramento poich\u00e9 le rape e le barbabietole vengono sostituite con patate e la cucina ha possibilit\u00e0 di confezionare una sbobba pi\u00f9 fissa alla sera e di darci patate lesse a mezzogiorno. <\/p>\n","protected":false},"excerpt":{"rendered":"<p>Il 23, giornata allegra per il ritiro del pacco \u2013 solita cerimonia e lieta sorpresa: trovo del pane biscotto, delle castagne, del latte condensato e del riso. Inizia, agli effetti dell\u2019alimentazione, una era nuova in cui i risotti all\u2019inglese, le &hellip; <a href=\"https:\/\/www.stalag307.it\/?p=596\">Continua a leggere<span class=\"meta-nav\">&rarr;<\/span><\/a><\/p>\n","protected":false},"author":2,"featured_media":0,"comment_status":"closed","ping_status":"open","sticky":false,"template":"","format":"standard","meta":{"_exactmetrics_skip_tracking":false,"_exactmetrics_sitenote_active":false,"_exactmetrics_sitenote_note":"","_exactmetrics_sitenote_category":0,"_jetpack_memberships_contains_paid_content":false,"footnotes":""},"categories":[2],"tags":[],"class_list":["post-596","post","type-post","status-publish","format-standard","hentry","category-ildiario"],"yoast_head":"<!-- This site is optimized with the Yoast SEO plugin v27.5 - https:\/\/yoast.com\/product\/yoast-seo-wordpress\/ -->\n<title>Finalmente il pacco! - Stalag 307<\/title>\n<meta name=\"robots\" content=\"index, follow, max-snippet:-1, max-image-preview:large, max-video-preview:-1\" \/>\n<link rel=\"canonical\" href=\"https:\/\/www.stalag307.it\/?p=596\" \/>\n<meta property=\"og:locale\" content=\"it_IT\" \/>\n<meta property=\"og:type\" content=\"article\" \/>\n<meta property=\"og:title\" content=\"Finalmente il pacco! - Stalag 307\" \/>\n<meta property=\"og:description\" content=\"Il 23, giornata allegra per il ritiro del pacco \u2013 solita cerimonia e lieta sorpresa: trovo del pane biscotto, delle castagne, del latte condensato e del riso. Inizia, agli effetti dell\u2019alimentazione, una era nuova in cui i risotti all\u2019inglese, le &hellip; Continua a leggere&rarr;\" \/>\n<meta property=\"og:url\" content=\"https:\/\/www.stalag307.it\/?p=596\" \/>\n<meta property=\"og:site_name\" content=\"Stalag 307\" \/>\n<meta property=\"article:published_time\" content=\"2015-03-14T13:49:44+00:00\" \/>\n<meta name=\"author\" content=\"Alberto Biraghi\" \/>\n<meta name=\"twitter:card\" content=\"summary_large_image\" \/>\n<meta name=\"twitter:label1\" content=\"Scritto da\" \/>\n\t<meta name=\"twitter:data1\" content=\"Alberto Biraghi\" \/>\n\t<meta name=\"twitter:label2\" content=\"Tempo di lettura stimato\" \/>\n\t<meta name=\"twitter:data2\" content=\"1 minuto\" \/>\n<script type=\"application\/ld+json\" class=\"yoast-schema-graph\">{\"@context\":\"https:\\\/\\\/schema.org\",\"@graph\":[{\"@type\":\"Article\",\"@id\":\"https:\\\/\\\/www.stalag307.it\\\/?p=596#article\",\"isPartOf\":{\"@id\":\"https:\\\/\\\/www.stalag307.it\\\/?p=596\"},\"author\":{\"name\":\"Alberto Biraghi\",\"@id\":\"https:\\\/\\\/www.stalag307.it\\\/#\\\/schema\\\/person\\\/74ee8b86755e6c2127781a45bba2e06e\"},\"headline\":\"Finalmente il pacco!\",\"datePublished\":\"2015-03-14T13:49:44+00:00\",\"mainEntityOfPage\":{\"@id\":\"https:\\\/\\\/www.stalag307.it\\\/?p=596\"},\"wordCount\":299,\"publisher\":{\"@id\":\"https:\\\/\\\/www.stalag307.it\\\/#\\\/schema\\\/person\\\/429ede1ba10cd3538d1b89ab809fd00f\"},\"articleSection\":[\"Il diario di Luigi Biraghi\"],\"inLanguage\":\"it-IT\"},{\"@type\":\"WebPage\",\"@id\":\"https:\\\/\\\/www.stalag307.it\\\/?p=596\",\"url\":\"https:\\\/\\\/www.stalag307.it\\\/?p=596\",\"name\":\"Finalmente il pacco! - Stalag 307\",\"isPartOf\":{\"@id\":\"https:\\\/\\\/www.stalag307.it\\\/#website\"},\"datePublished\":\"2015-03-14T13:49:44+00:00\",\"breadcrumb\":{\"@id\":\"https:\\\/\\\/www.stalag307.it\\\/?p=596#breadcrumb\"},\"inLanguage\":\"it-IT\",\"potentialAction\":[{\"@type\":\"ReadAction\",\"target\":[\"https:\\\/\\\/www.stalag307.it\\\/?p=596\"]}]},{\"@type\":\"BreadcrumbList\",\"@id\":\"https:\\\/\\\/www.stalag307.it\\\/?p=596#breadcrumb\",\"itemListElement\":[{\"@type\":\"ListItem\",\"position\":1,\"name\":\"Home\",\"item\":\"https:\\\/\\\/www.stalag307.it\\\/\"},{\"@type\":\"ListItem\",\"position\":2,\"name\":\"Finalmente il pacco!\"}]},{\"@type\":\"WebSite\",\"@id\":\"https:\\\/\\\/www.stalag307.it\\\/#website\",\"url\":\"https:\\\/\\\/www.stalag307.it\\\/\",\"name\":\"Stalag 307\",\"description\":\"Dall&#039;8 settembre 1943 al 26 agosto 1945: la prigionia nei campi nazisti di Luigi Biraghi, tenente del 9\u00b0 alpini.\",\"publisher\":{\"@id\":\"https:\\\/\\\/www.stalag307.it\\\/#\\\/schema\\\/person\\\/429ede1ba10cd3538d1b89ab809fd00f\"},\"potentialAction\":[{\"@type\":\"SearchAction\",\"target\":{\"@type\":\"EntryPoint\",\"urlTemplate\":\"https:\\\/\\\/www.stalag307.it\\\/?s={search_term_string}\"},\"query-input\":{\"@type\":\"PropertyValueSpecification\",\"valueRequired\":true,\"valueName\":\"search_term_string\"}}],\"inLanguage\":\"it-IT\"},{\"@type\":[\"Person\",\"Organization\"],\"@id\":\"https:\\\/\\\/www.stalag307.it\\\/#\\\/schema\\\/person\\\/429ede1ba10cd3538d1b89ab809fd00f\",\"name\":\"Luigi Biraghi\",\"logo\":{\"@id\":\"https:\\\/\\\/www.stalag307.it\\\/#\\\/schema\\\/person\\\/image\\\/\"}},{\"@type\":\"Person\",\"@id\":\"https:\\\/\\\/www.stalag307.it\\\/#\\\/schema\\\/person\\\/74ee8b86755e6c2127781a45bba2e06e\",\"name\":\"Alberto Biraghi\"}]}<\/script>\n<!-- \/ Yoast SEO plugin. -->","yoast_head_json":{"title":"Finalmente il pacco! - Stalag 307","robots":{"index":"index","follow":"follow","max-snippet":"max-snippet:-1","max-image-preview":"max-image-preview:large","max-video-preview":"max-video-preview:-1"},"canonical":"https:\/\/www.stalag307.it\/?p=596","og_locale":"it_IT","og_type":"article","og_title":"Finalmente il pacco! - Stalag 307","og_description":"Il 23, giornata allegra per il ritiro del pacco \u2013 solita cerimonia e lieta sorpresa: trovo del pane biscotto, delle castagne, del latte condensato e del riso. Inizia, agli effetti dell\u2019alimentazione, una era nuova in cui i risotti all\u2019inglese, le &hellip; Continua a leggere&rarr;","og_url":"https:\/\/www.stalag307.it\/?p=596","og_site_name":"Stalag 307","article_published_time":"2015-03-14T13:49:44+00:00","author":"Alberto Biraghi","twitter_card":"summary_large_image","twitter_misc":{"Scritto da":"Alberto Biraghi","Tempo di lettura stimato":"1 minuto"},"schema":{"@context":"https:\/\/schema.org","@graph":[{"@type":"Article","@id":"https:\/\/www.stalag307.it\/?p=596#article","isPartOf":{"@id":"https:\/\/www.stalag307.it\/?p=596"},"author":{"name":"Alberto Biraghi","@id":"https:\/\/www.stalag307.it\/#\/schema\/person\/74ee8b86755e6c2127781a45bba2e06e"},"headline":"Finalmente il pacco!","datePublished":"2015-03-14T13:49:44+00:00","mainEntityOfPage":{"@id":"https:\/\/www.stalag307.it\/?p=596"},"wordCount":299,"publisher":{"@id":"https:\/\/www.stalag307.it\/#\/schema\/person\/429ede1ba10cd3538d1b89ab809fd00f"},"articleSection":["Il diario di Luigi Biraghi"],"inLanguage":"it-IT"},{"@type":"WebPage","@id":"https:\/\/www.stalag307.it\/?p=596","url":"https:\/\/www.stalag307.it\/?p=596","name":"Finalmente il pacco! - Stalag 307","isPartOf":{"@id":"https:\/\/www.stalag307.it\/#website"},"datePublished":"2015-03-14T13:49:44+00:00","breadcrumb":{"@id":"https:\/\/www.stalag307.it\/?p=596#breadcrumb"},"inLanguage":"it-IT","potentialAction":[{"@type":"ReadAction","target":["https:\/\/www.stalag307.it\/?p=596"]}]},{"@type":"BreadcrumbList","@id":"https:\/\/www.stalag307.it\/?p=596#breadcrumb","itemListElement":[{"@type":"ListItem","position":1,"name":"Home","item":"https:\/\/www.stalag307.it\/"},{"@type":"ListItem","position":2,"name":"Finalmente il pacco!"}]},{"@type":"WebSite","@id":"https:\/\/www.stalag307.it\/#website","url":"https:\/\/www.stalag307.it\/","name":"Stalag 307","description":"Dall&#039;8 settembre 1943 al 26 agosto 1945: la prigionia nei campi nazisti di Luigi Biraghi, tenente del 9\u00b0 alpini.","publisher":{"@id":"https:\/\/www.stalag307.it\/#\/schema\/person\/429ede1ba10cd3538d1b89ab809fd00f"},"potentialAction":[{"@type":"SearchAction","target":{"@type":"EntryPoint","urlTemplate":"https:\/\/www.stalag307.it\/?s={search_term_string}"},"query-input":{"@type":"PropertyValueSpecification","valueRequired":true,"valueName":"search_term_string"}}],"inLanguage":"it-IT"},{"@type":["Person","Organization"],"@id":"https:\/\/www.stalag307.it\/#\/schema\/person\/429ede1ba10cd3538d1b89ab809fd00f","name":"Luigi Biraghi","logo":{"@id":"https:\/\/www.stalag307.it\/#\/schema\/person\/image\/"}},{"@type":"Person","@id":"https:\/\/www.stalag307.it\/#\/schema\/person\/74ee8b86755e6c2127781a45bba2e06e","name":"Alberto Biraghi"}]}},"jetpack_featured_media_url":"","jetpack_sharing_enabled":true,"_links":{"self":[{"href":"https:\/\/www.stalag307.it\/index.php?rest_route=\/wp\/v2\/posts\/596","targetHints":{"allow":["GET"]}}],"collection":[{"href":"https:\/\/www.stalag307.it\/index.php?rest_route=\/wp\/v2\/posts"}],"about":[{"href":"https:\/\/www.stalag307.it\/index.php?rest_route=\/wp\/v2\/types\/post"}],"author":[{"embeddable":true,"href":"https:\/\/www.stalag307.it\/index.php?rest_route=\/wp\/v2\/users\/2"}],"replies":[{"embeddable":true,"href":"https:\/\/www.stalag307.it\/index.php?rest_route=%2Fwp%2Fv2%2Fcomments&post=596"}],"version-history":[{"count":1,"href":"https:\/\/www.stalag307.it\/index.php?rest_route=\/wp\/v2\/posts\/596\/revisions"}],"predecessor-version":[{"id":597,"href":"https:\/\/www.stalag307.it\/index.php?rest_route=\/wp\/v2\/posts\/596\/revisions\/597"}],"wp:attachment":[{"href":"https:\/\/www.stalag307.it\/index.php?rest_route=%2Fwp%2Fv2%2Fmedia&parent=596"}],"wp:term":[{"taxonomy":"category","embeddable":true,"href":"https:\/\/www.stalag307.it\/index.php?rest_route=%2Fwp%2Fv2%2Fcategories&post=596"},{"taxonomy":"post_tag","embeddable":true,"href":"https:\/\/www.stalag307.it\/index.php?rest_route=%2Fwp%2Fv2%2Ftags&post=596"}],"curies":[{"name":"wp","href":"https:\/\/api.w.org\/{rel}","templated":true}]}}