{"id":581,"date":"2015-03-13T13:27:09","date_gmt":"2015-03-13T12:27:09","guid":{"rendered":"http:\/\/www.stalag307.it\/?p=581"},"modified":"2015-03-13T13:27:09","modified_gmt":"2015-03-13T12:27:09","slug":"fame-da-mattina-a-sera","status":"publish","type":"post","link":"https:\/\/www.stalag307.it\/?p=581","title":{"rendered":"Fame da mattina a sera"},"content":{"rendered":"<p>La fame, in questo periodo, \u00e8 pi\u00f9 forte che mai. Non si riesce ad ottenere pane perch\u00e9 chi entra viene rigorosamente perquisito. Giungono pacchi a Ronda e a Brunello e ad altri ma a me niente. Quasi tutti hanno ricevute notizie da casa ed io ho pi\u00f9 che mai viva quella preoccupazione. Passo molte ore di ogni notte ad ascoltare i brontolamenti dello stomaco vuoto e la fantasia si sbriglia nelle pi\u00f9 strane ipotesi sulla sorte toccata ai miei. Mi viene il dubbio che, nei giorni tragici che hanno seguito l\u20198 settembre, Renata, approfittando della vicinanza al confine, si sia rifugiata con Titti in Isvizzera. <\/p>\n<p>Per far qualcosa di nuovo cambiamo disposizione della camera. Mettendo i letti lungo il muro si ottiene un pi\u00f9 vasto spazio centrale. Si litigher\u00e0 meno per la conquista dei posti in luce migliore dato che ora vi \u00e8 luce per tutti. <\/p>\n<p>Il 13 gennaio Manni \u00e8 chiamato per il ritiro di un pacco. Manni suppone di essere padre, ch\u00e8 aspettava un figlio per la fine dello scorso ottobre, ma non ha ancora notizie. E gli capita una delle pi\u00f9 curiose avventure di prigionia: nel pacco trova la fotografia di un pupattolo in braccio alla mamma, ma non trova indizio del sesso del figlio. Tutti facciamo previsioni in base ai pi\u00f9 disparati argomenti e pretesti; il Capitano Podio invita gli spiriti a pronunciarsi, ma il tavolino d\u00e0 risposte dubbie e Manni, per molti giorni sar\u00e0 padre felice di un figlio di sesso ignoto. Solo in seguito, ricevendo la prima cartolina da casa, sapr\u00e0 che si tratta di un maschio. Brunello, oltre al pacco, ha avuto 3 pagnotti in cambio di un paio di stivali e mangia a quattro palmenti. Io ho fame da mattina a sera e gli scarsi ranci non mi danno che una tregua di poche ore al giorno. <\/p>\n","protected":false},"excerpt":{"rendered":"<p>La fame, in questo periodo, \u00e8 pi\u00f9 forte che mai. Non si riesce ad ottenere pane perch\u00e9 chi entra viene rigorosamente perquisito. Giungono pacchi a Ronda e a Brunello e ad altri ma a me niente. Quasi tutti hanno ricevute &hellip; <a href=\"https:\/\/www.stalag307.it\/?p=581\">Continua a leggere<span class=\"meta-nav\">&rarr;<\/span><\/a><\/p>\n","protected":false},"author":2,"featured_media":0,"comment_status":"closed","ping_status":"open","sticky":false,"template":"","format":"standard","meta":{"_exactmetrics_skip_tracking":false,"_exactmetrics_sitenote_active":false,"_exactmetrics_sitenote_note":"","_exactmetrics_sitenote_category":0,"_jetpack_memberships_contains_paid_content":false,"footnotes":""},"categories":[2],"tags":[],"class_list":["post-581","post","type-post","status-publish","format-standard","hentry","category-ildiario"],"yoast_head":"<!-- This site is optimized with the Yoast SEO plugin v27.5 - https:\/\/yoast.com\/product\/yoast-seo-wordpress\/ -->\n<title>Fame da mattina a sera - Stalag 307<\/title>\n<meta name=\"robots\" content=\"index, follow, max-snippet:-1, max-image-preview:large, max-video-preview:-1\" \/>\n<link rel=\"canonical\" href=\"https:\/\/www.stalag307.it\/?p=581\" \/>\n<meta property=\"og:locale\" content=\"it_IT\" \/>\n<meta property=\"og:type\" content=\"article\" \/>\n<meta property=\"og:title\" content=\"Fame da mattina a sera - Stalag 307\" \/>\n<meta property=\"og:description\" content=\"La fame, in questo periodo, \u00e8 pi\u00f9 forte che mai. Non si riesce ad ottenere pane perch\u00e9 chi entra viene rigorosamente perquisito. Giungono pacchi a Ronda e a Brunello e ad altri ma a me niente. Quasi tutti hanno ricevute &hellip; Continua a leggere&rarr;\" \/>\n<meta property=\"og:url\" content=\"https:\/\/www.stalag307.it\/?p=581\" \/>\n<meta property=\"og:site_name\" content=\"Stalag 307\" \/>\n<meta property=\"article:published_time\" content=\"2015-03-13T12:27:09+00:00\" \/>\n<meta name=\"author\" content=\"Alberto Biraghi\" \/>\n<meta name=\"twitter:card\" content=\"summary_large_image\" \/>\n<meta name=\"twitter:label1\" content=\"Scritto da\" \/>\n\t<meta name=\"twitter:data1\" content=\"Alberto Biraghi\" \/>\n\t<meta name=\"twitter:label2\" content=\"Tempo di lettura stimato\" \/>\n\t<meta name=\"twitter:data2\" content=\"2 minuti\" \/>\n<script type=\"application\/ld+json\" class=\"yoast-schema-graph\">{\"@context\":\"https:\\\/\\\/schema.org\",\"@graph\":[{\"@type\":\"Article\",\"@id\":\"https:\\\/\\\/www.stalag307.it\\\/?p=581#article\",\"isPartOf\":{\"@id\":\"https:\\\/\\\/www.stalag307.it\\\/?p=581\"},\"author\":{\"name\":\"Alberto Biraghi\",\"@id\":\"https:\\\/\\\/www.stalag307.it\\\/#\\\/schema\\\/person\\\/74ee8b86755e6c2127781a45bba2e06e\"},\"headline\":\"Fame da mattina a sera\",\"datePublished\":\"2015-03-13T12:27:09+00:00\",\"mainEntityOfPage\":{\"@id\":\"https:\\\/\\\/www.stalag307.it\\\/?p=581\"},\"wordCount\":305,\"publisher\":{\"@id\":\"https:\\\/\\\/www.stalag307.it\\\/#\\\/schema\\\/person\\\/429ede1ba10cd3538d1b89ab809fd00f\"},\"articleSection\":[\"Il diario di Luigi Biraghi\"],\"inLanguage\":\"it-IT\"},{\"@type\":\"WebPage\",\"@id\":\"https:\\\/\\\/www.stalag307.it\\\/?p=581\",\"url\":\"https:\\\/\\\/www.stalag307.it\\\/?p=581\",\"name\":\"Fame da mattina a sera - Stalag 307\",\"isPartOf\":{\"@id\":\"https:\\\/\\\/www.stalag307.it\\\/#website\"},\"datePublished\":\"2015-03-13T12:27:09+00:00\",\"breadcrumb\":{\"@id\":\"https:\\\/\\\/www.stalag307.it\\\/?p=581#breadcrumb\"},\"inLanguage\":\"it-IT\",\"potentialAction\":[{\"@type\":\"ReadAction\",\"target\":[\"https:\\\/\\\/www.stalag307.it\\\/?p=581\"]}]},{\"@type\":\"BreadcrumbList\",\"@id\":\"https:\\\/\\\/www.stalag307.it\\\/?p=581#breadcrumb\",\"itemListElement\":[{\"@type\":\"ListItem\",\"position\":1,\"name\":\"Home\",\"item\":\"https:\\\/\\\/www.stalag307.it\\\/\"},{\"@type\":\"ListItem\",\"position\":2,\"name\":\"Fame da mattina a sera\"}]},{\"@type\":\"WebSite\",\"@id\":\"https:\\\/\\\/www.stalag307.it\\\/#website\",\"url\":\"https:\\\/\\\/www.stalag307.it\\\/\",\"name\":\"Stalag 307\",\"description\":\"Dall&#039;8 settembre 1943 al 26 agosto 1945: la prigionia nei campi nazisti di Luigi Biraghi, tenente del 9\u00b0 alpini.\",\"publisher\":{\"@id\":\"https:\\\/\\\/www.stalag307.it\\\/#\\\/schema\\\/person\\\/429ede1ba10cd3538d1b89ab809fd00f\"},\"potentialAction\":[{\"@type\":\"SearchAction\",\"target\":{\"@type\":\"EntryPoint\",\"urlTemplate\":\"https:\\\/\\\/www.stalag307.it\\\/?s={search_term_string}\"},\"query-input\":{\"@type\":\"PropertyValueSpecification\",\"valueRequired\":true,\"valueName\":\"search_term_string\"}}],\"inLanguage\":\"it-IT\"},{\"@type\":[\"Person\",\"Organization\"],\"@id\":\"https:\\\/\\\/www.stalag307.it\\\/#\\\/schema\\\/person\\\/429ede1ba10cd3538d1b89ab809fd00f\",\"name\":\"Luigi Biraghi\",\"logo\":{\"@id\":\"https:\\\/\\\/www.stalag307.it\\\/#\\\/schema\\\/person\\\/image\\\/\"}},{\"@type\":\"Person\",\"@id\":\"https:\\\/\\\/www.stalag307.it\\\/#\\\/schema\\\/person\\\/74ee8b86755e6c2127781a45bba2e06e\",\"name\":\"Alberto Biraghi\"}]}<\/script>\n<!-- \/ Yoast SEO plugin. -->","yoast_head_json":{"title":"Fame da mattina a sera - Stalag 307","robots":{"index":"index","follow":"follow","max-snippet":"max-snippet:-1","max-image-preview":"max-image-preview:large","max-video-preview":"max-video-preview:-1"},"canonical":"https:\/\/www.stalag307.it\/?p=581","og_locale":"it_IT","og_type":"article","og_title":"Fame da mattina a sera - Stalag 307","og_description":"La fame, in questo periodo, \u00e8 pi\u00f9 forte che mai. Non si riesce ad ottenere pane perch\u00e9 chi entra viene rigorosamente perquisito. Giungono pacchi a Ronda e a Brunello e ad altri ma a me niente. Quasi tutti hanno ricevute &hellip; Continua a leggere&rarr;","og_url":"https:\/\/www.stalag307.it\/?p=581","og_site_name":"Stalag 307","article_published_time":"2015-03-13T12:27:09+00:00","author":"Alberto Biraghi","twitter_card":"summary_large_image","twitter_misc":{"Scritto da":"Alberto Biraghi","Tempo di lettura stimato":"2 minuti"},"schema":{"@context":"https:\/\/schema.org","@graph":[{"@type":"Article","@id":"https:\/\/www.stalag307.it\/?p=581#article","isPartOf":{"@id":"https:\/\/www.stalag307.it\/?p=581"},"author":{"name":"Alberto Biraghi","@id":"https:\/\/www.stalag307.it\/#\/schema\/person\/74ee8b86755e6c2127781a45bba2e06e"},"headline":"Fame da mattina a sera","datePublished":"2015-03-13T12:27:09+00:00","mainEntityOfPage":{"@id":"https:\/\/www.stalag307.it\/?p=581"},"wordCount":305,"publisher":{"@id":"https:\/\/www.stalag307.it\/#\/schema\/person\/429ede1ba10cd3538d1b89ab809fd00f"},"articleSection":["Il diario di Luigi Biraghi"],"inLanguage":"it-IT"},{"@type":"WebPage","@id":"https:\/\/www.stalag307.it\/?p=581","url":"https:\/\/www.stalag307.it\/?p=581","name":"Fame da mattina a sera - Stalag 307","isPartOf":{"@id":"https:\/\/www.stalag307.it\/#website"},"datePublished":"2015-03-13T12:27:09+00:00","breadcrumb":{"@id":"https:\/\/www.stalag307.it\/?p=581#breadcrumb"},"inLanguage":"it-IT","potentialAction":[{"@type":"ReadAction","target":["https:\/\/www.stalag307.it\/?p=581"]}]},{"@type":"BreadcrumbList","@id":"https:\/\/www.stalag307.it\/?p=581#breadcrumb","itemListElement":[{"@type":"ListItem","position":1,"name":"Home","item":"https:\/\/www.stalag307.it\/"},{"@type":"ListItem","position":2,"name":"Fame da mattina a sera"}]},{"@type":"WebSite","@id":"https:\/\/www.stalag307.it\/#website","url":"https:\/\/www.stalag307.it\/","name":"Stalag 307","description":"Dall&#039;8 settembre 1943 al 26 agosto 1945: la prigionia nei campi nazisti di Luigi Biraghi, tenente del 9\u00b0 alpini.","publisher":{"@id":"https:\/\/www.stalag307.it\/#\/schema\/person\/429ede1ba10cd3538d1b89ab809fd00f"},"potentialAction":[{"@type":"SearchAction","target":{"@type":"EntryPoint","urlTemplate":"https:\/\/www.stalag307.it\/?s={search_term_string}"},"query-input":{"@type":"PropertyValueSpecification","valueRequired":true,"valueName":"search_term_string"}}],"inLanguage":"it-IT"},{"@type":["Person","Organization"],"@id":"https:\/\/www.stalag307.it\/#\/schema\/person\/429ede1ba10cd3538d1b89ab809fd00f","name":"Luigi Biraghi","logo":{"@id":"https:\/\/www.stalag307.it\/#\/schema\/person\/image\/"}},{"@type":"Person","@id":"https:\/\/www.stalag307.it\/#\/schema\/person\/74ee8b86755e6c2127781a45bba2e06e","name":"Alberto Biraghi"}]}},"jetpack_featured_media_url":"","jetpack_sharing_enabled":true,"_links":{"self":[{"href":"https:\/\/www.stalag307.it\/index.php?rest_route=\/wp\/v2\/posts\/581","targetHints":{"allow":["GET"]}}],"collection":[{"href":"https:\/\/www.stalag307.it\/index.php?rest_route=\/wp\/v2\/posts"}],"about":[{"href":"https:\/\/www.stalag307.it\/index.php?rest_route=\/wp\/v2\/types\/post"}],"author":[{"embeddable":true,"href":"https:\/\/www.stalag307.it\/index.php?rest_route=\/wp\/v2\/users\/2"}],"replies":[{"embeddable":true,"href":"https:\/\/www.stalag307.it\/index.php?rest_route=%2Fwp%2Fv2%2Fcomments&post=581"}],"version-history":[{"count":1,"href":"https:\/\/www.stalag307.it\/index.php?rest_route=\/wp\/v2\/posts\/581\/revisions"}],"predecessor-version":[{"id":582,"href":"https:\/\/www.stalag307.it\/index.php?rest_route=\/wp\/v2\/posts\/581\/revisions\/582"}],"wp:attachment":[{"href":"https:\/\/www.stalag307.it\/index.php?rest_route=%2Fwp%2Fv2%2Fmedia&parent=581"}],"wp:term":[{"taxonomy":"category","embeddable":true,"href":"https:\/\/www.stalag307.it\/index.php?rest_route=%2Fwp%2Fv2%2Fcategories&post=581"},{"taxonomy":"post_tag","embeddable":true,"href":"https:\/\/www.stalag307.it\/index.php?rest_route=%2Fwp%2Fv2%2Ftags&post=581"}],"curies":[{"name":"wp","href":"https:\/\/api.w.org\/{rel}","templated":true}]}}