{"id":499,"date":"2014-11-07T16:43:09","date_gmt":"2014-11-07T15:43:09","guid":{"rendered":"http:\/\/www.stalag307.it\/?p=499"},"modified":"2015-02-21T12:16:29","modified_gmt":"2015-02-21T11:16:29","slug":"arrivano-i-compagni-che-non-hanno-firmato","status":"publish","type":"post","link":"https:\/\/www.stalag307.it\/?p=499","title":{"rendered":"Quelli che non hanno firmato"},"content":{"rendered":"<p>Il giorno 2 Bulzacchi rientra dall\u2019ospedale e ci racconta la vicenda dei medici italiani col\u00e0 impiegati: partirono dall\u2019Italia in settembre con un treno feriti tedesco e dietro parola d\u2019onore che sarebbero stati rimpatriati. Naturalmente la parola non fu mantenuta. A sera, mentre accovacciati nella nostra spelonca attendiamo l\u2019ora di dormire e sognamo pollastri, la porta si apre e compaiono il Capitano Teston, Colombo e Mora. Ci abbracciamo e ci narrano di essere rimasti con la compagnia lavoratori in Francia fintanto che non li hanno invitati a firmare una dichiarazione di fedelt\u00e0 alla Germania, troppo impegnativa secondo la loro opinione.  A differenza di Boschiero, Gelmi e Follonari, non avendo firmato, sono stati invitati con noi. Particolare meraviglioso: sono ben nutriti; sapendoci affamati, distribuiscono pezzi di pane. Addento con indicibile volutt\u00e0 il quarto di pagnotta che mi vien dato da Mora e sono lietissimo di averli ancora per compagni. <\/p>\n<p>La mattina del 3 si fa sveglia alle 6 e si preparano i bagagli per la partenza. Siamo divisi in due grandi gruppi con destinazioni diverse; ma gli amici son tutti nello stesso gruppo a cui appartengo io. Ci vien data una mezza pagnotta a testa, un paio di formaggini rossi e un pezzetto di salsiccia: sono i viveri a secco per tre giorni, a quanto ci si dice. Oltre ad essi io ho una scatoletta di carne in societ\u00e0 con Brunello ed un avanzo del pane di Mora. Verso le 9 lasciamo senza rimpianto il Forte Kronprinz  per raggiungere lo scalo merci da cui gi\u00e0 siamo passati arrivando. C\u2019\u00e8 pronta una teoria di carri bestiame abbastanza puliti. Entriamo in 35 in ogni carro. Il nostro gruppo ne occupa una met\u00e0. Circola la voce che si vada in Polonia o in Prussia Orientale. Il carro \u00e8 attrezzato con alcune panche, una stufa, un mucchietto di carbone. La portiera vien chiusa e sprangata dall\u2019esterno. Si parte. Ci ammassiamo attorno alle fessure. Le ore passano lente mentre si viaggia attraverso una campagna  a tratti paludosa e a tratti coperta di boschi di faggi e di betulle dai bellissimi colori autunnali.  Passiamo da Ludwigshafen e da Mundenhaim semidistrutta dai bombardamenti. Il treno sosta fuori di Francoforte che \u00e8 in allarme. Sentiamo il rumore degli aerei che sorvolano la citt\u00e0. \u00c8 notte quando ci vien dato il permesso di scender per le nostre necessit\u00e0 fisiche. Le sentinelle incrociano i fasci di luce delle loro lampade attorno a noi accovacciati nella campagna lungo il treno. Quando entriamo in stazione la Croce Rossa ci distribuisce una zuppa calda e questo dono ha un valore incalcolabile. <\/p>\n","protected":false},"excerpt":{"rendered":"<p>Il giorno 2 Bulzacchi rientra dall\u2019ospedale e ci racconta la vicenda dei medici italiani col\u00e0 impiegati: partirono dall\u2019Italia in settembre con un treno feriti tedesco e dietro parola d\u2019onore che sarebbero stati rimpatriati. Naturalmente la parola non fu mantenuta. A &hellip; <a href=\"https:\/\/www.stalag307.it\/?p=499\">Continua a leggere<span class=\"meta-nav\">&rarr;<\/span><\/a><\/p>\n","protected":false},"author":2,"featured_media":0,"comment_status":"closed","ping_status":"open","sticky":false,"template":"","format":"standard","meta":{"_exactmetrics_skip_tracking":false,"_exactmetrics_sitenote_active":false,"_exactmetrics_sitenote_note":"","_exactmetrics_sitenote_category":0,"_jetpack_memberships_contains_paid_content":false,"footnotes":""},"categories":[2],"tags":[],"class_list":["post-499","post","type-post","status-publish","format-standard","hentry","category-ildiario"],"yoast_head":"<!-- This site is optimized with the Yoast SEO plugin v27.5 - https:\/\/yoast.com\/product\/yoast-seo-wordpress\/ -->\n<title>Quelli che non hanno firmato - Stalag 307<\/title>\n<meta name=\"robots\" content=\"index, follow, max-snippet:-1, max-image-preview:large, max-video-preview:-1\" \/>\n<link rel=\"canonical\" href=\"https:\/\/www.stalag307.it\/?p=499\" \/>\n<meta property=\"og:locale\" content=\"it_IT\" \/>\n<meta property=\"og:type\" content=\"article\" \/>\n<meta property=\"og:title\" content=\"Quelli che non hanno firmato - Stalag 307\" \/>\n<meta property=\"og:description\" content=\"Il giorno 2 Bulzacchi rientra dall\u2019ospedale e ci racconta la vicenda dei medici italiani col\u00e0 impiegati: partirono dall\u2019Italia in settembre con un treno feriti tedesco e dietro parola d\u2019onore che sarebbero stati rimpatriati. Naturalmente la parola non fu mantenuta. A &hellip; Continua a leggere&rarr;\" \/>\n<meta property=\"og:url\" content=\"https:\/\/www.stalag307.it\/?p=499\" \/>\n<meta property=\"og:site_name\" content=\"Stalag 307\" \/>\n<meta property=\"article:published_time\" content=\"2014-11-07T15:43:09+00:00\" \/>\n<meta property=\"article:modified_time\" content=\"2015-02-21T11:16:29+00:00\" \/>\n<meta name=\"author\" content=\"Alberto Biraghi\" \/>\n<meta name=\"twitter:card\" content=\"summary_large_image\" \/>\n<meta name=\"twitter:label1\" content=\"Scritto da\" \/>\n\t<meta name=\"twitter:data1\" content=\"Alberto Biraghi\" \/>\n\t<meta name=\"twitter:label2\" content=\"Tempo di lettura stimato\" \/>\n\t<meta name=\"twitter:data2\" content=\"2 minuti\" \/>\n<script type=\"application\/ld+json\" class=\"yoast-schema-graph\">{\"@context\":\"https:\\\/\\\/schema.org\",\"@graph\":[{\"@type\":\"Article\",\"@id\":\"https:\\\/\\\/www.stalag307.it\\\/?p=499#article\",\"isPartOf\":{\"@id\":\"https:\\\/\\\/www.stalag307.it\\\/?p=499\"},\"author\":{\"name\":\"Alberto Biraghi\",\"@id\":\"https:\\\/\\\/www.stalag307.it\\\/#\\\/schema\\\/person\\\/74ee8b86755e6c2127781a45bba2e06e\"},\"headline\":\"Quelli che non hanno firmato\",\"datePublished\":\"2014-11-07T15:43:09+00:00\",\"dateModified\":\"2015-02-21T11:16:29+00:00\",\"mainEntityOfPage\":{\"@id\":\"https:\\\/\\\/www.stalag307.it\\\/?p=499\"},\"wordCount\":428,\"publisher\":{\"@id\":\"https:\\\/\\\/www.stalag307.it\\\/#\\\/schema\\\/person\\\/429ede1ba10cd3538d1b89ab809fd00f\"},\"articleSection\":[\"Il diario di Luigi Biraghi\"],\"inLanguage\":\"it-IT\"},{\"@type\":\"WebPage\",\"@id\":\"https:\\\/\\\/www.stalag307.it\\\/?p=499\",\"url\":\"https:\\\/\\\/www.stalag307.it\\\/?p=499\",\"name\":\"Quelli che non hanno firmato - Stalag 307\",\"isPartOf\":{\"@id\":\"https:\\\/\\\/www.stalag307.it\\\/#website\"},\"datePublished\":\"2014-11-07T15:43:09+00:00\",\"dateModified\":\"2015-02-21T11:16:29+00:00\",\"breadcrumb\":{\"@id\":\"https:\\\/\\\/www.stalag307.it\\\/?p=499#breadcrumb\"},\"inLanguage\":\"it-IT\",\"potentialAction\":[{\"@type\":\"ReadAction\",\"target\":[\"https:\\\/\\\/www.stalag307.it\\\/?p=499\"]}]},{\"@type\":\"BreadcrumbList\",\"@id\":\"https:\\\/\\\/www.stalag307.it\\\/?p=499#breadcrumb\",\"itemListElement\":[{\"@type\":\"ListItem\",\"position\":1,\"name\":\"Home\",\"item\":\"https:\\\/\\\/www.stalag307.it\\\/\"},{\"@type\":\"ListItem\",\"position\":2,\"name\":\"Quelli che non hanno firmato\"}]},{\"@type\":\"WebSite\",\"@id\":\"https:\\\/\\\/www.stalag307.it\\\/#website\",\"url\":\"https:\\\/\\\/www.stalag307.it\\\/\",\"name\":\"Stalag 307\",\"description\":\"Dall&#039;8 settembre 1943 al 26 agosto 1945: la prigionia nei campi nazisti di Luigi Biraghi, tenente del 9\u00b0 alpini.\",\"publisher\":{\"@id\":\"https:\\\/\\\/www.stalag307.it\\\/#\\\/schema\\\/person\\\/429ede1ba10cd3538d1b89ab809fd00f\"},\"potentialAction\":[{\"@type\":\"SearchAction\",\"target\":{\"@type\":\"EntryPoint\",\"urlTemplate\":\"https:\\\/\\\/www.stalag307.it\\\/?s={search_term_string}\"},\"query-input\":{\"@type\":\"PropertyValueSpecification\",\"valueRequired\":true,\"valueName\":\"search_term_string\"}}],\"inLanguage\":\"it-IT\"},{\"@type\":[\"Person\",\"Organization\"],\"@id\":\"https:\\\/\\\/www.stalag307.it\\\/#\\\/schema\\\/person\\\/429ede1ba10cd3538d1b89ab809fd00f\",\"name\":\"Luigi Biraghi\",\"logo\":{\"@id\":\"https:\\\/\\\/www.stalag307.it\\\/#\\\/schema\\\/person\\\/image\\\/\"}},{\"@type\":\"Person\",\"@id\":\"https:\\\/\\\/www.stalag307.it\\\/#\\\/schema\\\/person\\\/74ee8b86755e6c2127781a45bba2e06e\",\"name\":\"Alberto Biraghi\"}]}<\/script>\n<!-- \/ Yoast SEO plugin. -->","yoast_head_json":{"title":"Quelli che non hanno firmato - Stalag 307","robots":{"index":"index","follow":"follow","max-snippet":"max-snippet:-1","max-image-preview":"max-image-preview:large","max-video-preview":"max-video-preview:-1"},"canonical":"https:\/\/www.stalag307.it\/?p=499","og_locale":"it_IT","og_type":"article","og_title":"Quelli che non hanno firmato - Stalag 307","og_description":"Il giorno 2 Bulzacchi rientra dall\u2019ospedale e ci racconta la vicenda dei medici italiani col\u00e0 impiegati: partirono dall\u2019Italia in settembre con un treno feriti tedesco e dietro parola d\u2019onore che sarebbero stati rimpatriati. Naturalmente la parola non fu mantenuta. A &hellip; Continua a leggere&rarr;","og_url":"https:\/\/www.stalag307.it\/?p=499","og_site_name":"Stalag 307","article_published_time":"2014-11-07T15:43:09+00:00","article_modified_time":"2015-02-21T11:16:29+00:00","author":"Alberto Biraghi","twitter_card":"summary_large_image","twitter_misc":{"Scritto da":"Alberto Biraghi","Tempo di lettura stimato":"2 minuti"},"schema":{"@context":"https:\/\/schema.org","@graph":[{"@type":"Article","@id":"https:\/\/www.stalag307.it\/?p=499#article","isPartOf":{"@id":"https:\/\/www.stalag307.it\/?p=499"},"author":{"name":"Alberto Biraghi","@id":"https:\/\/www.stalag307.it\/#\/schema\/person\/74ee8b86755e6c2127781a45bba2e06e"},"headline":"Quelli che non hanno firmato","datePublished":"2014-11-07T15:43:09+00:00","dateModified":"2015-02-21T11:16:29+00:00","mainEntityOfPage":{"@id":"https:\/\/www.stalag307.it\/?p=499"},"wordCount":428,"publisher":{"@id":"https:\/\/www.stalag307.it\/#\/schema\/person\/429ede1ba10cd3538d1b89ab809fd00f"},"articleSection":["Il diario di Luigi Biraghi"],"inLanguage":"it-IT"},{"@type":"WebPage","@id":"https:\/\/www.stalag307.it\/?p=499","url":"https:\/\/www.stalag307.it\/?p=499","name":"Quelli che non hanno firmato - Stalag 307","isPartOf":{"@id":"https:\/\/www.stalag307.it\/#website"},"datePublished":"2014-11-07T15:43:09+00:00","dateModified":"2015-02-21T11:16:29+00:00","breadcrumb":{"@id":"https:\/\/www.stalag307.it\/?p=499#breadcrumb"},"inLanguage":"it-IT","potentialAction":[{"@type":"ReadAction","target":["https:\/\/www.stalag307.it\/?p=499"]}]},{"@type":"BreadcrumbList","@id":"https:\/\/www.stalag307.it\/?p=499#breadcrumb","itemListElement":[{"@type":"ListItem","position":1,"name":"Home","item":"https:\/\/www.stalag307.it\/"},{"@type":"ListItem","position":2,"name":"Quelli che non hanno firmato"}]},{"@type":"WebSite","@id":"https:\/\/www.stalag307.it\/#website","url":"https:\/\/www.stalag307.it\/","name":"Stalag 307","description":"Dall&#039;8 settembre 1943 al 26 agosto 1945: la prigionia nei campi nazisti di Luigi Biraghi, tenente del 9\u00b0 alpini.","publisher":{"@id":"https:\/\/www.stalag307.it\/#\/schema\/person\/429ede1ba10cd3538d1b89ab809fd00f"},"potentialAction":[{"@type":"SearchAction","target":{"@type":"EntryPoint","urlTemplate":"https:\/\/www.stalag307.it\/?s={search_term_string}"},"query-input":{"@type":"PropertyValueSpecification","valueRequired":true,"valueName":"search_term_string"}}],"inLanguage":"it-IT"},{"@type":["Person","Organization"],"@id":"https:\/\/www.stalag307.it\/#\/schema\/person\/429ede1ba10cd3538d1b89ab809fd00f","name":"Luigi Biraghi","logo":{"@id":"https:\/\/www.stalag307.it\/#\/schema\/person\/image\/"}},{"@type":"Person","@id":"https:\/\/www.stalag307.it\/#\/schema\/person\/74ee8b86755e6c2127781a45bba2e06e","name":"Alberto Biraghi"}]}},"jetpack_featured_media_url":"","jetpack_sharing_enabled":true,"_links":{"self":[{"href":"https:\/\/www.stalag307.it\/index.php?rest_route=\/wp\/v2\/posts\/499","targetHints":{"allow":["GET"]}}],"collection":[{"href":"https:\/\/www.stalag307.it\/index.php?rest_route=\/wp\/v2\/posts"}],"about":[{"href":"https:\/\/www.stalag307.it\/index.php?rest_route=\/wp\/v2\/types\/post"}],"author":[{"embeddable":true,"href":"https:\/\/www.stalag307.it\/index.php?rest_route=\/wp\/v2\/users\/2"}],"replies":[{"embeddable":true,"href":"https:\/\/www.stalag307.it\/index.php?rest_route=%2Fwp%2Fv2%2Fcomments&post=499"}],"version-history":[{"count":3,"href":"https:\/\/www.stalag307.it\/index.php?rest_route=\/wp\/v2\/posts\/499\/revisions"}],"predecessor-version":[{"id":532,"href":"https:\/\/www.stalag307.it\/index.php?rest_route=\/wp\/v2\/posts\/499\/revisions\/532"}],"wp:attachment":[{"href":"https:\/\/www.stalag307.it\/index.php?rest_route=%2Fwp%2Fv2%2Fmedia&parent=499"}],"wp:term":[{"taxonomy":"category","embeddable":true,"href":"https:\/\/www.stalag307.it\/index.php?rest_route=%2Fwp%2Fv2%2Fcategories&post=499"},{"taxonomy":"post_tag","embeddable":true,"href":"https:\/\/www.stalag307.it\/index.php?rest_route=%2Fwp%2Fv2%2Ftags&post=499"}],"curies":[{"name":"wp","href":"https:\/\/api.w.org\/{rel}","templated":true}]}}