{"id":497,"date":"2014-11-07T16:33:39","date_gmt":"2014-11-07T15:33:39","guid":{"rendered":"http:\/\/www.stalag307.it\/?p=497"},"modified":"2015-04-19T12:51:50","modified_gmt":"2015-04-19T10:51:50","slug":"le-patate-mezze-crude","status":"publish","type":"post","link":"https:\/\/www.stalag307.it\/?p=497","title":{"rendered":"Il propagandista in orbace"},"content":{"rendered":"<p>Viene un tipo in orbace il quale promette il rientro in Italia a coloro che aderiscono al Governo repubblicano fascista. Il suo discorso, a base di frasi fatte tolte dalla ben nota letteratura propagandistica degli ultimi anni, riesce a convincere soltanto una ventina di ufficiali sui trecento presenti. Arrivano altri ufficiali provenienti dai balcani \u2013 fra di essi trovo un conoscente, Nascinbene di Roma.<\/p>\n<p>Domenica 31 ascoltiamo i racconti del Capitano Bertolotti che fu prigioniero degli austriaci nell\u2019altra guerra. Ci narra di come avvenne il rimpatrio e ci dice che allora il cibo era anche peggiore.<\/p>\n<p>Luned\u00ec 1 novembre Ronda riesce a conquistare in cucina alcune patate: si tratta di farle cuocere usando paglia come combustibile. Dopo aver affumicata la stanza finiamo col mangiare le patate mezzo crude. I \u201cterroni\u201d che erano nella nostra stanzetta se ne sono andati; anche i bergamaschi, arrivando al forte hanno preso dimora in un\u2019altra stanzetta. Il nostro gruppo \u00e8 composto, oltre che da me, da Brunello, Ronda, Manni, Ungania, Sendivai, e l\u2019amenissimo dottor Poidomani che fu dell\u2019Ospedale dei Bambini e che \u00e8 fratello dell\u2019ex direttore dell\u2019OSVA.<\/p>\n<p>La fame si fa ogni giorno pi\u00f9 forte, a sera Manni cede i suoi stivali per una pagnotta. Dell\u2019Orto, ritornando dall\u2019ospedale militare italiano di Strasburgo ci racconta che anche l\u00e0 non si sta allegri: Bulzacchi ha ceduto, per un pagnotta, il suo orologio. Io tengo duro perch\u00e9 penso che probabilmente dovremo passare tempi anche pi\u00f9 difficili.<\/p>\n","protected":false},"excerpt":{"rendered":"<p>Viene un tipo in orbace il quale promette il rientro in Italia a coloro che aderiscono al Governo repubblicano fascista. Il suo discorso, a base di frasi fatte tolte dalla ben nota letteratura propagandistica degli ultimi anni, riesce a convincere &hellip; <a href=\"https:\/\/www.stalag307.it\/?p=497\">Continua a leggere<span class=\"meta-nav\">&rarr;<\/span><\/a><\/p>\n","protected":false},"author":2,"featured_media":0,"comment_status":"closed","ping_status":"open","sticky":false,"template":"","format":"standard","meta":{"_exactmetrics_skip_tracking":false,"_exactmetrics_sitenote_active":false,"_exactmetrics_sitenote_note":"","_exactmetrics_sitenote_category":0,"_jetpack_memberships_contains_paid_content":false,"footnotes":""},"categories":[2],"tags":[],"class_list":["post-497","post","type-post","status-publish","format-standard","hentry","category-ildiario"],"yoast_head":"<!-- This site is optimized with the Yoast SEO plugin v27.5 - https:\/\/yoast.com\/product\/yoast-seo-wordpress\/ -->\n<title>Il propagandista in orbace - Stalag 307<\/title>\n<meta name=\"robots\" content=\"index, follow, max-snippet:-1, max-image-preview:large, max-video-preview:-1\" \/>\n<link rel=\"canonical\" href=\"https:\/\/www.stalag307.it\/?p=497\" \/>\n<meta property=\"og:locale\" content=\"it_IT\" \/>\n<meta property=\"og:type\" content=\"article\" \/>\n<meta property=\"og:title\" content=\"Il propagandista in orbace - Stalag 307\" \/>\n<meta property=\"og:description\" content=\"Viene un tipo in orbace il quale promette il rientro in Italia a coloro che aderiscono al Governo repubblicano fascista. Il suo discorso, a base di frasi fatte tolte dalla ben nota letteratura propagandistica degli ultimi anni, riesce a convincere &hellip; Continua a leggere&rarr;\" \/>\n<meta property=\"og:url\" content=\"https:\/\/www.stalag307.it\/?p=497\" \/>\n<meta property=\"og:site_name\" content=\"Stalag 307\" \/>\n<meta property=\"article:published_time\" content=\"2014-11-07T15:33:39+00:00\" \/>\n<meta property=\"article:modified_time\" content=\"2015-04-19T10:51:50+00:00\" \/>\n<meta name=\"author\" content=\"Alberto Biraghi\" \/>\n<meta name=\"twitter:card\" content=\"summary_large_image\" \/>\n<meta name=\"twitter:label1\" content=\"Scritto da\" \/>\n\t<meta name=\"twitter:data1\" content=\"Alberto Biraghi\" \/>\n\t<meta name=\"twitter:label2\" content=\"Tempo di lettura stimato\" \/>\n\t<meta name=\"twitter:data2\" content=\"1 minuto\" \/>\n<script type=\"application\/ld+json\" class=\"yoast-schema-graph\">{\"@context\":\"https:\\\/\\\/schema.org\",\"@graph\":[{\"@type\":\"Article\",\"@id\":\"https:\\\/\\\/www.stalag307.it\\\/?p=497#article\",\"isPartOf\":{\"@id\":\"https:\\\/\\\/www.stalag307.it\\\/?p=497\"},\"author\":{\"name\":\"Alberto Biraghi\",\"@id\":\"https:\\\/\\\/www.stalag307.it\\\/#\\\/schema\\\/person\\\/74ee8b86755e6c2127781a45bba2e06e\"},\"headline\":\"Il propagandista in orbace\",\"datePublished\":\"2014-11-07T15:33:39+00:00\",\"dateModified\":\"2015-04-19T10:51:50+00:00\",\"mainEntityOfPage\":{\"@id\":\"https:\\\/\\\/www.stalag307.it\\\/?p=497\"},\"wordCount\":245,\"publisher\":{\"@id\":\"https:\\\/\\\/www.stalag307.it\\\/#\\\/schema\\\/person\\\/429ede1ba10cd3538d1b89ab809fd00f\"},\"articleSection\":[\"Il diario di Luigi Biraghi\"],\"inLanguage\":\"it-IT\"},{\"@type\":\"WebPage\",\"@id\":\"https:\\\/\\\/www.stalag307.it\\\/?p=497\",\"url\":\"https:\\\/\\\/www.stalag307.it\\\/?p=497\",\"name\":\"Il propagandista in orbace - Stalag 307\",\"isPartOf\":{\"@id\":\"https:\\\/\\\/www.stalag307.it\\\/#website\"},\"datePublished\":\"2014-11-07T15:33:39+00:00\",\"dateModified\":\"2015-04-19T10:51:50+00:00\",\"breadcrumb\":{\"@id\":\"https:\\\/\\\/www.stalag307.it\\\/?p=497#breadcrumb\"},\"inLanguage\":\"it-IT\",\"potentialAction\":[{\"@type\":\"ReadAction\",\"target\":[\"https:\\\/\\\/www.stalag307.it\\\/?p=497\"]}]},{\"@type\":\"BreadcrumbList\",\"@id\":\"https:\\\/\\\/www.stalag307.it\\\/?p=497#breadcrumb\",\"itemListElement\":[{\"@type\":\"ListItem\",\"position\":1,\"name\":\"Home\",\"item\":\"https:\\\/\\\/www.stalag307.it\\\/\"},{\"@type\":\"ListItem\",\"position\":2,\"name\":\"Il propagandista in orbace\"}]},{\"@type\":\"WebSite\",\"@id\":\"https:\\\/\\\/www.stalag307.it\\\/#website\",\"url\":\"https:\\\/\\\/www.stalag307.it\\\/\",\"name\":\"Stalag 307\",\"description\":\"Dall&#039;8 settembre 1943 al 26 agosto 1945: la prigionia nei campi nazisti di Luigi Biraghi, tenente del 9\u00b0 alpini.\",\"publisher\":{\"@id\":\"https:\\\/\\\/www.stalag307.it\\\/#\\\/schema\\\/person\\\/429ede1ba10cd3538d1b89ab809fd00f\"},\"potentialAction\":[{\"@type\":\"SearchAction\",\"target\":{\"@type\":\"EntryPoint\",\"urlTemplate\":\"https:\\\/\\\/www.stalag307.it\\\/?s={search_term_string}\"},\"query-input\":{\"@type\":\"PropertyValueSpecification\",\"valueRequired\":true,\"valueName\":\"search_term_string\"}}],\"inLanguage\":\"it-IT\"},{\"@type\":[\"Person\",\"Organization\"],\"@id\":\"https:\\\/\\\/www.stalag307.it\\\/#\\\/schema\\\/person\\\/429ede1ba10cd3538d1b89ab809fd00f\",\"name\":\"Luigi Biraghi\",\"logo\":{\"@id\":\"https:\\\/\\\/www.stalag307.it\\\/#\\\/schema\\\/person\\\/image\\\/\"}},{\"@type\":\"Person\",\"@id\":\"https:\\\/\\\/www.stalag307.it\\\/#\\\/schema\\\/person\\\/74ee8b86755e6c2127781a45bba2e06e\",\"name\":\"Alberto Biraghi\"}]}<\/script>\n<!-- \/ Yoast SEO plugin. -->","yoast_head_json":{"title":"Il propagandista in orbace - Stalag 307","robots":{"index":"index","follow":"follow","max-snippet":"max-snippet:-1","max-image-preview":"max-image-preview:large","max-video-preview":"max-video-preview:-1"},"canonical":"https:\/\/www.stalag307.it\/?p=497","og_locale":"it_IT","og_type":"article","og_title":"Il propagandista in orbace - Stalag 307","og_description":"Viene un tipo in orbace il quale promette il rientro in Italia a coloro che aderiscono al Governo repubblicano fascista. Il suo discorso, a base di frasi fatte tolte dalla ben nota letteratura propagandistica degli ultimi anni, riesce a convincere &hellip; Continua a leggere&rarr;","og_url":"https:\/\/www.stalag307.it\/?p=497","og_site_name":"Stalag 307","article_published_time":"2014-11-07T15:33:39+00:00","article_modified_time":"2015-04-19T10:51:50+00:00","author":"Alberto Biraghi","twitter_card":"summary_large_image","twitter_misc":{"Scritto da":"Alberto Biraghi","Tempo di lettura stimato":"1 minuto"},"schema":{"@context":"https:\/\/schema.org","@graph":[{"@type":"Article","@id":"https:\/\/www.stalag307.it\/?p=497#article","isPartOf":{"@id":"https:\/\/www.stalag307.it\/?p=497"},"author":{"name":"Alberto Biraghi","@id":"https:\/\/www.stalag307.it\/#\/schema\/person\/74ee8b86755e6c2127781a45bba2e06e"},"headline":"Il propagandista in orbace","datePublished":"2014-11-07T15:33:39+00:00","dateModified":"2015-04-19T10:51:50+00:00","mainEntityOfPage":{"@id":"https:\/\/www.stalag307.it\/?p=497"},"wordCount":245,"publisher":{"@id":"https:\/\/www.stalag307.it\/#\/schema\/person\/429ede1ba10cd3538d1b89ab809fd00f"},"articleSection":["Il diario di Luigi Biraghi"],"inLanguage":"it-IT"},{"@type":"WebPage","@id":"https:\/\/www.stalag307.it\/?p=497","url":"https:\/\/www.stalag307.it\/?p=497","name":"Il propagandista in orbace - Stalag 307","isPartOf":{"@id":"https:\/\/www.stalag307.it\/#website"},"datePublished":"2014-11-07T15:33:39+00:00","dateModified":"2015-04-19T10:51:50+00:00","breadcrumb":{"@id":"https:\/\/www.stalag307.it\/?p=497#breadcrumb"},"inLanguage":"it-IT","potentialAction":[{"@type":"ReadAction","target":["https:\/\/www.stalag307.it\/?p=497"]}]},{"@type":"BreadcrumbList","@id":"https:\/\/www.stalag307.it\/?p=497#breadcrumb","itemListElement":[{"@type":"ListItem","position":1,"name":"Home","item":"https:\/\/www.stalag307.it\/"},{"@type":"ListItem","position":2,"name":"Il propagandista in orbace"}]},{"@type":"WebSite","@id":"https:\/\/www.stalag307.it\/#website","url":"https:\/\/www.stalag307.it\/","name":"Stalag 307","description":"Dall&#039;8 settembre 1943 al 26 agosto 1945: la prigionia nei campi nazisti di Luigi Biraghi, tenente del 9\u00b0 alpini.","publisher":{"@id":"https:\/\/www.stalag307.it\/#\/schema\/person\/429ede1ba10cd3538d1b89ab809fd00f"},"potentialAction":[{"@type":"SearchAction","target":{"@type":"EntryPoint","urlTemplate":"https:\/\/www.stalag307.it\/?s={search_term_string}"},"query-input":{"@type":"PropertyValueSpecification","valueRequired":true,"valueName":"search_term_string"}}],"inLanguage":"it-IT"},{"@type":["Person","Organization"],"@id":"https:\/\/www.stalag307.it\/#\/schema\/person\/429ede1ba10cd3538d1b89ab809fd00f","name":"Luigi Biraghi","logo":{"@id":"https:\/\/www.stalag307.it\/#\/schema\/person\/image\/"}},{"@type":"Person","@id":"https:\/\/www.stalag307.it\/#\/schema\/person\/74ee8b86755e6c2127781a45bba2e06e","name":"Alberto Biraghi"}]}},"jetpack_featured_media_url":"","jetpack_sharing_enabled":true,"_links":{"self":[{"href":"https:\/\/www.stalag307.it\/index.php?rest_route=\/wp\/v2\/posts\/497","targetHints":{"allow":["GET"]}}],"collection":[{"href":"https:\/\/www.stalag307.it\/index.php?rest_route=\/wp\/v2\/posts"}],"about":[{"href":"https:\/\/www.stalag307.it\/index.php?rest_route=\/wp\/v2\/types\/post"}],"author":[{"embeddable":true,"href":"https:\/\/www.stalag307.it\/index.php?rest_route=\/wp\/v2\/users\/2"}],"replies":[{"embeddable":true,"href":"https:\/\/www.stalag307.it\/index.php?rest_route=%2Fwp%2Fv2%2Fcomments&post=497"}],"version-history":[{"count":2,"href":"https:\/\/www.stalag307.it\/index.php?rest_route=\/wp\/v2\/posts\/497\/revisions"}],"predecessor-version":[{"id":941,"href":"https:\/\/www.stalag307.it\/index.php?rest_route=\/wp\/v2\/posts\/497\/revisions\/941"}],"wp:attachment":[{"href":"https:\/\/www.stalag307.it\/index.php?rest_route=%2Fwp%2Fv2%2Fmedia&parent=497"}],"wp:term":[{"taxonomy":"category","embeddable":true,"href":"https:\/\/www.stalag307.it\/index.php?rest_route=%2Fwp%2Fv2%2Fcategories&post=497"},{"taxonomy":"post_tag","embeddable":true,"href":"https:\/\/www.stalag307.it\/index.php?rest_route=%2Fwp%2Fv2%2Ftags&post=497"}],"curies":[{"name":"wp","href":"https:\/\/api.w.org\/{rel}","templated":true}]}}