{"id":459,"date":"2013-04-05T17:02:15","date_gmt":"2013-04-05T15:02:15","guid":{"rendered":"http:\/\/www.stalag307.it\/?p=459"},"modified":"2015-02-21T12:15:34","modified_gmt":"2015-02-21T11:15:34","slug":"i-tedeschi-chiedono-se-eravamo-iscritti-al-pnf","status":"publish","type":"post","link":"https:\/\/www.stalag307.it\/?p=459","title":{"rendered":"Iscritti al PNF?"},"content":{"rendered":"<p>Il 29 settembre Il collega Barone mi da notizia che un ingegnere, impresario a Tolone, con lo scopo di sottrarci alla prigionia, essendo italiano e lavorando per la Todd, ci richieder\u00e0 ai tedeschi. Si dice che sia fortemente appoggiato e quindi in grado di superare le difficolt\u00e0. Non faccio eccessivo assegnamento sulla cosa ma, con Brunello e Dell\u2019Orto mi do in nota. Sappiamo che alcuni soldati, scappati in precedenza dal nostro e da altri reparti, gi\u00e0 lavorano a Tolone come liberi operai e accarezziamo il sogno di poter fare qualcosa di simile. Gi\u00e0 ci preoccupiamo dei vestiti borghesi e, tirate le somme, vediamo che ci si potr\u00e0 arrangiare mediante impermeabili e giacche a vento. Ma il giorno 4 ottobre cadranno tutte le speranze perch\u00e9 gli ingegneri avranno dai tedeschi risposta negativa.<\/p>\n<p>Di tanto in tanto i tedeschi ci adunano per chiederci se eravamo iscritti al PNF e per sapere le nostre specializzazioni professionali. Compilano degli elenchi ma non ci dicono nulla sulle loro intenzioni nei nostri riguardi. Abbiamo la dimostrazione che continuano a considerarci lavoratori perch\u00e9 ci pagano una decade: franchi 550 circa.<\/p>\n<p>In complesso, questo periodo trascorso a Hy\u00e8res, non comporta n\u00e9 sofferenze n\u00e9 umiliazioni. Si ha la sensazione che ancora i tedeschi non sappiano come considerarci, e la nostra qualit\u00e0 di ufficiali ci consente di essere rispettati.\u00a0 Quasi ogni giorno giungono dai dintorni altri ufficiali nelle nostre stesse condizioni. Pare evidente l\u2019intenzione di concentrarci prima di prendere delle decisioni.<\/p>\n","protected":false},"excerpt":{"rendered":"<p>Il 29 settembre Il collega Barone mi da notizia che un ingegnere, impresario a Tolone, con lo scopo di sottrarci alla prigionia, essendo italiano e lavorando per la Todd, ci richieder\u00e0 ai tedeschi. Si dice che sia fortemente appoggiato e &hellip; <a href=\"https:\/\/www.stalag307.it\/?p=459\">Continua a leggere<span class=\"meta-nav\">&rarr;<\/span><\/a><\/p>\n","protected":false},"author":2,"featured_media":0,"comment_status":"closed","ping_status":"open","sticky":false,"template":"","format":"standard","meta":{"_exactmetrics_skip_tracking":false,"_exactmetrics_sitenote_active":false,"_exactmetrics_sitenote_note":"","_exactmetrics_sitenote_category":0,"_jetpack_memberships_contains_paid_content":false,"footnotes":""},"categories":[2],"tags":[],"class_list":["post-459","post","type-post","status-publish","format-standard","hentry","category-ildiario"],"yoast_head":"<!-- This site is optimized with the Yoast SEO plugin v27.5 - https:\/\/yoast.com\/product\/yoast-seo-wordpress\/ -->\n<title>Iscritti al PNF? - Stalag 307<\/title>\n<meta name=\"robots\" content=\"index, follow, max-snippet:-1, max-image-preview:large, max-video-preview:-1\" \/>\n<link rel=\"canonical\" href=\"https:\/\/www.stalag307.it\/?p=459\" \/>\n<meta property=\"og:locale\" content=\"it_IT\" \/>\n<meta property=\"og:type\" content=\"article\" \/>\n<meta property=\"og:title\" content=\"Iscritti al PNF? - Stalag 307\" \/>\n<meta property=\"og:description\" content=\"Il 29 settembre Il collega Barone mi da notizia che un ingegnere, impresario a Tolone, con lo scopo di sottrarci alla prigionia, essendo italiano e lavorando per la Todd, ci richieder\u00e0 ai tedeschi. Si dice che sia fortemente appoggiato e &hellip; Continua a leggere&rarr;\" \/>\n<meta property=\"og:url\" content=\"https:\/\/www.stalag307.it\/?p=459\" \/>\n<meta property=\"og:site_name\" content=\"Stalag 307\" \/>\n<meta property=\"article:published_time\" content=\"2013-04-05T15:02:15+00:00\" \/>\n<meta property=\"article:modified_time\" content=\"2015-02-21T11:15:34+00:00\" \/>\n<meta name=\"author\" content=\"Alberto Biraghi\" \/>\n<meta name=\"twitter:card\" content=\"summary_large_image\" \/>\n<meta name=\"twitter:label1\" content=\"Scritto da\" \/>\n\t<meta name=\"twitter:data1\" content=\"Alberto Biraghi\" \/>\n\t<meta name=\"twitter:label2\" content=\"Tempo di lettura stimato\" \/>\n\t<meta name=\"twitter:data2\" content=\"1 minuto\" \/>\n<script type=\"application\/ld+json\" class=\"yoast-schema-graph\">{\"@context\":\"https:\\\/\\\/schema.org\",\"@graph\":[{\"@type\":\"Article\",\"@id\":\"https:\\\/\\\/www.stalag307.it\\\/?p=459#article\",\"isPartOf\":{\"@id\":\"https:\\\/\\\/www.stalag307.it\\\/?p=459\"},\"author\":{\"name\":\"Alberto Biraghi\",\"@id\":\"https:\\\/\\\/www.stalag307.it\\\/#\\\/schema\\\/person\\\/74ee8b86755e6c2127781a45bba2e06e\"},\"headline\":\"Iscritti al PNF?\",\"datePublished\":\"2013-04-05T15:02:15+00:00\",\"dateModified\":\"2015-02-21T11:15:34+00:00\",\"mainEntityOfPage\":{\"@id\":\"https:\\\/\\\/www.stalag307.it\\\/?p=459\"},\"wordCount\":244,\"publisher\":{\"@id\":\"https:\\\/\\\/www.stalag307.it\\\/#\\\/schema\\\/person\\\/429ede1ba10cd3538d1b89ab809fd00f\"},\"articleSection\":[\"Il diario di Luigi Biraghi\"],\"inLanguage\":\"it-IT\"},{\"@type\":\"WebPage\",\"@id\":\"https:\\\/\\\/www.stalag307.it\\\/?p=459\",\"url\":\"https:\\\/\\\/www.stalag307.it\\\/?p=459\",\"name\":\"Iscritti al PNF? - Stalag 307\",\"isPartOf\":{\"@id\":\"https:\\\/\\\/www.stalag307.it\\\/#website\"},\"datePublished\":\"2013-04-05T15:02:15+00:00\",\"dateModified\":\"2015-02-21T11:15:34+00:00\",\"breadcrumb\":{\"@id\":\"https:\\\/\\\/www.stalag307.it\\\/?p=459#breadcrumb\"},\"inLanguage\":\"it-IT\",\"potentialAction\":[{\"@type\":\"ReadAction\",\"target\":[\"https:\\\/\\\/www.stalag307.it\\\/?p=459\"]}]},{\"@type\":\"BreadcrumbList\",\"@id\":\"https:\\\/\\\/www.stalag307.it\\\/?p=459#breadcrumb\",\"itemListElement\":[{\"@type\":\"ListItem\",\"position\":1,\"name\":\"Home\",\"item\":\"https:\\\/\\\/www.stalag307.it\\\/\"},{\"@type\":\"ListItem\",\"position\":2,\"name\":\"Iscritti al PNF?\"}]},{\"@type\":\"WebSite\",\"@id\":\"https:\\\/\\\/www.stalag307.it\\\/#website\",\"url\":\"https:\\\/\\\/www.stalag307.it\\\/\",\"name\":\"Stalag 307\",\"description\":\"Dall&#039;8 settembre 1943 al 26 agosto 1945: la prigionia nei campi nazisti di Luigi Biraghi, tenente del 9\u00b0 alpini.\",\"publisher\":{\"@id\":\"https:\\\/\\\/www.stalag307.it\\\/#\\\/schema\\\/person\\\/429ede1ba10cd3538d1b89ab809fd00f\"},\"potentialAction\":[{\"@type\":\"SearchAction\",\"target\":{\"@type\":\"EntryPoint\",\"urlTemplate\":\"https:\\\/\\\/www.stalag307.it\\\/?s={search_term_string}\"},\"query-input\":{\"@type\":\"PropertyValueSpecification\",\"valueRequired\":true,\"valueName\":\"search_term_string\"}}],\"inLanguage\":\"it-IT\"},{\"@type\":[\"Person\",\"Organization\"],\"@id\":\"https:\\\/\\\/www.stalag307.it\\\/#\\\/schema\\\/person\\\/429ede1ba10cd3538d1b89ab809fd00f\",\"name\":\"Luigi Biraghi\",\"logo\":{\"@id\":\"https:\\\/\\\/www.stalag307.it\\\/#\\\/schema\\\/person\\\/image\\\/\"}},{\"@type\":\"Person\",\"@id\":\"https:\\\/\\\/www.stalag307.it\\\/#\\\/schema\\\/person\\\/74ee8b86755e6c2127781a45bba2e06e\",\"name\":\"Alberto Biraghi\"}]}<\/script>\n<!-- \/ Yoast SEO plugin. -->","yoast_head_json":{"title":"Iscritti al PNF? - Stalag 307","robots":{"index":"index","follow":"follow","max-snippet":"max-snippet:-1","max-image-preview":"max-image-preview:large","max-video-preview":"max-video-preview:-1"},"canonical":"https:\/\/www.stalag307.it\/?p=459","og_locale":"it_IT","og_type":"article","og_title":"Iscritti al PNF? - Stalag 307","og_description":"Il 29 settembre Il collega Barone mi da notizia che un ingegnere, impresario a Tolone, con lo scopo di sottrarci alla prigionia, essendo italiano e lavorando per la Todd, ci richieder\u00e0 ai tedeschi. Si dice che sia fortemente appoggiato e &hellip; Continua a leggere&rarr;","og_url":"https:\/\/www.stalag307.it\/?p=459","og_site_name":"Stalag 307","article_published_time":"2013-04-05T15:02:15+00:00","article_modified_time":"2015-02-21T11:15:34+00:00","author":"Alberto Biraghi","twitter_card":"summary_large_image","twitter_misc":{"Scritto da":"Alberto Biraghi","Tempo di lettura stimato":"1 minuto"},"schema":{"@context":"https:\/\/schema.org","@graph":[{"@type":"Article","@id":"https:\/\/www.stalag307.it\/?p=459#article","isPartOf":{"@id":"https:\/\/www.stalag307.it\/?p=459"},"author":{"name":"Alberto Biraghi","@id":"https:\/\/www.stalag307.it\/#\/schema\/person\/74ee8b86755e6c2127781a45bba2e06e"},"headline":"Iscritti al PNF?","datePublished":"2013-04-05T15:02:15+00:00","dateModified":"2015-02-21T11:15:34+00:00","mainEntityOfPage":{"@id":"https:\/\/www.stalag307.it\/?p=459"},"wordCount":244,"publisher":{"@id":"https:\/\/www.stalag307.it\/#\/schema\/person\/429ede1ba10cd3538d1b89ab809fd00f"},"articleSection":["Il diario di Luigi Biraghi"],"inLanguage":"it-IT"},{"@type":"WebPage","@id":"https:\/\/www.stalag307.it\/?p=459","url":"https:\/\/www.stalag307.it\/?p=459","name":"Iscritti al PNF? - Stalag 307","isPartOf":{"@id":"https:\/\/www.stalag307.it\/#website"},"datePublished":"2013-04-05T15:02:15+00:00","dateModified":"2015-02-21T11:15:34+00:00","breadcrumb":{"@id":"https:\/\/www.stalag307.it\/?p=459#breadcrumb"},"inLanguage":"it-IT","potentialAction":[{"@type":"ReadAction","target":["https:\/\/www.stalag307.it\/?p=459"]}]},{"@type":"BreadcrumbList","@id":"https:\/\/www.stalag307.it\/?p=459#breadcrumb","itemListElement":[{"@type":"ListItem","position":1,"name":"Home","item":"https:\/\/www.stalag307.it\/"},{"@type":"ListItem","position":2,"name":"Iscritti al PNF?"}]},{"@type":"WebSite","@id":"https:\/\/www.stalag307.it\/#website","url":"https:\/\/www.stalag307.it\/","name":"Stalag 307","description":"Dall&#039;8 settembre 1943 al 26 agosto 1945: la prigionia nei campi nazisti di Luigi Biraghi, tenente del 9\u00b0 alpini.","publisher":{"@id":"https:\/\/www.stalag307.it\/#\/schema\/person\/429ede1ba10cd3538d1b89ab809fd00f"},"potentialAction":[{"@type":"SearchAction","target":{"@type":"EntryPoint","urlTemplate":"https:\/\/www.stalag307.it\/?s={search_term_string}"},"query-input":{"@type":"PropertyValueSpecification","valueRequired":true,"valueName":"search_term_string"}}],"inLanguage":"it-IT"},{"@type":["Person","Organization"],"@id":"https:\/\/www.stalag307.it\/#\/schema\/person\/429ede1ba10cd3538d1b89ab809fd00f","name":"Luigi Biraghi","logo":{"@id":"https:\/\/www.stalag307.it\/#\/schema\/person\/image\/"}},{"@type":"Person","@id":"https:\/\/www.stalag307.it\/#\/schema\/person\/74ee8b86755e6c2127781a45bba2e06e","name":"Alberto Biraghi"}]}},"jetpack_featured_media_url":"","jetpack_sharing_enabled":true,"_links":{"self":[{"href":"https:\/\/www.stalag307.it\/index.php?rest_route=\/wp\/v2\/posts\/459","targetHints":{"allow":["GET"]}}],"collection":[{"href":"https:\/\/www.stalag307.it\/index.php?rest_route=\/wp\/v2\/posts"}],"about":[{"href":"https:\/\/www.stalag307.it\/index.php?rest_route=\/wp\/v2\/types\/post"}],"author":[{"embeddable":true,"href":"https:\/\/www.stalag307.it\/index.php?rest_route=\/wp\/v2\/users\/2"}],"replies":[{"embeddable":true,"href":"https:\/\/www.stalag307.it\/index.php?rest_route=%2Fwp%2Fv2%2Fcomments&post=459"}],"version-history":[{"count":3,"href":"https:\/\/www.stalag307.it\/index.php?rest_route=\/wp\/v2\/posts\/459\/revisions"}],"predecessor-version":[{"id":529,"href":"https:\/\/www.stalag307.it\/index.php?rest_route=\/wp\/v2\/posts\/459\/revisions\/529"}],"wp:attachment":[{"href":"https:\/\/www.stalag307.it\/index.php?rest_route=%2Fwp%2Fv2%2Fmedia&parent=459"}],"wp:term":[{"taxonomy":"category","embeddable":true,"href":"https:\/\/www.stalag307.it\/index.php?rest_route=%2Fwp%2Fv2%2Fcategories&post=459"},{"taxonomy":"post_tag","embeddable":true,"href":"https:\/\/www.stalag307.it\/index.php?rest_route=%2Fwp%2Fv2%2Ftags&post=459"}],"curies":[{"name":"wp","href":"https:\/\/api.w.org\/{rel}","templated":true}]}}