{"id":433,"date":"2013-03-11T13:02:18","date_gmt":"2013-03-11T12:02:18","guid":{"rendered":"http:\/\/www.stalag307.it\/?p=433"},"modified":"2015-02-21T12:13:29","modified_gmt":"2015-02-21T11:13:29","slug":"gli-alpini-friulani-trovano-una-sorgente","status":"publish","type":"post","link":"https:\/\/www.stalag307.it\/?p=433","title":{"rendered":"I friulani trovano una sorgente"},"content":{"rendered":"<p>Il 21 settembre lo dedichiamo esclusivamente a noi stessi. Con Brunello e Dell\u2019Orto costruiamo un\u2019ampia tenda a 11 teli nella quale si possa vivere pi\u00f9 confortevolmente. Sopra di essa i friulani trovano una sorgente e cos\u00ec abbiamo acqua in abbondanza e possibilit\u00e0 di lavarci. Gli alpini cercano lumache per cuocerle e si industriano a prepararsi manicaretti a base degli scarsi prodotti offerti dalla natura. Mi par di leggere nei loro volti il pentimento ed il rimpianto per le ingiustificate lamentele sul rancio di un tempo! Era ben degna di maggior considerazione la pagnotta da mezzo chilo! E la naja? Non era poi tanto scomoda!<\/p>\n<p>Come sempre, le sistemazioni accurate sono seguite da uno spostamento. Il 22 mattina, alle 8 suona il rapporto ufficiali e dei tedeschi ci comunicano che resteranno sul posto soltanto le due compagnie organiche comandate dai Capitano Teston e Boschiero e dai tenenti Mora, Gelmi, Colombo e Fallonari. Tutti gli altri si trasferiranno a Hy\u00e8res. Alle 11 infatti si caricano i nostri bagagli su di un camion, ci si arrampica in cima e si parte. \u00c8 doloroso vedere che, contrariamente alle promesse fatteci in un primo tempo, il Battaglione\u00a0 viene smembrato.<\/p>\n<p>A Hy\u00e8res gli alpini vengono subito sistemati in una compagnia che\u00a0 seguir\u00e0 la due lasciate alla Vallette. Ma questa \u00e8 gi\u00e0 inquadrata da ufficiali e noi siamo in soprannumero. Molti altri ufficiali sono nelle nostre stesse condizioni. Provengono dai vari reparti che avevano sede nei dintorni. La sera ci sistemiamo in una delle casermette libere, ma \u00e8 appunto qui che cominciano i guai notturni: gli assalti delle cimici, annidate in formidabile numero nell\u2019abbondante sporcizia.<\/p>\n","protected":false},"excerpt":{"rendered":"<p>Il 21 settembre lo dedichiamo esclusivamente a noi stessi. Con Brunello e Dell\u2019Orto costruiamo un\u2019ampia tenda a 11 teli nella quale si possa vivere pi\u00f9 confortevolmente. Sopra di essa i friulani trovano una sorgente e cos\u00ec abbiamo acqua in abbondanza &hellip; <a href=\"https:\/\/www.stalag307.it\/?p=433\">Continua a leggere<span class=\"meta-nav\">&rarr;<\/span><\/a><\/p>\n","protected":false},"author":2,"featured_media":0,"comment_status":"closed","ping_status":"open","sticky":false,"template":"","format":"standard","meta":{"_exactmetrics_skip_tracking":false,"_exactmetrics_sitenote_active":false,"_exactmetrics_sitenote_note":"","_exactmetrics_sitenote_category":0,"_jetpack_memberships_contains_paid_content":false,"footnotes":""},"categories":[2],"tags":[],"class_list":["post-433","post","type-post","status-publish","format-standard","hentry","category-ildiario"],"yoast_head":"<!-- This site is optimized with the Yoast SEO plugin v27.5 - https:\/\/yoast.com\/product\/yoast-seo-wordpress\/ -->\n<title>I friulani trovano una sorgente - Stalag 307<\/title>\n<meta name=\"robots\" content=\"index, follow, max-snippet:-1, max-image-preview:large, max-video-preview:-1\" \/>\n<link rel=\"canonical\" href=\"https:\/\/www.stalag307.it\/?p=433\" \/>\n<meta property=\"og:locale\" content=\"it_IT\" \/>\n<meta property=\"og:type\" content=\"article\" \/>\n<meta property=\"og:title\" content=\"I friulani trovano una sorgente - Stalag 307\" \/>\n<meta property=\"og:description\" content=\"Il 21 settembre lo dedichiamo esclusivamente a noi stessi. Con Brunello e Dell\u2019Orto costruiamo un\u2019ampia tenda a 11 teli nella quale si possa vivere pi\u00f9 confortevolmente. Sopra di essa i friulani trovano una sorgente e cos\u00ec abbiamo acqua in abbondanza &hellip; Continua a leggere&rarr;\" \/>\n<meta property=\"og:url\" content=\"https:\/\/www.stalag307.it\/?p=433\" \/>\n<meta property=\"og:site_name\" content=\"Stalag 307\" \/>\n<meta property=\"article:published_time\" content=\"2013-03-11T12:02:18+00:00\" \/>\n<meta property=\"article:modified_time\" content=\"2015-02-21T11:13:29+00:00\" \/>\n<meta name=\"author\" content=\"Alberto Biraghi\" \/>\n<meta name=\"twitter:card\" content=\"summary_large_image\" \/>\n<meta name=\"twitter:label1\" content=\"Scritto da\" \/>\n\t<meta name=\"twitter:data1\" content=\"Alberto Biraghi\" \/>\n\t<meta name=\"twitter:label2\" content=\"Tempo di lettura stimato\" \/>\n\t<meta name=\"twitter:data2\" content=\"1 minuto\" \/>\n<script type=\"application\/ld+json\" class=\"yoast-schema-graph\">{\"@context\":\"https:\\\/\\\/schema.org\",\"@graph\":[{\"@type\":\"Article\",\"@id\":\"https:\\\/\\\/www.stalag307.it\\\/?p=433#article\",\"isPartOf\":{\"@id\":\"https:\\\/\\\/www.stalag307.it\\\/?p=433\"},\"author\":{\"name\":\"Alberto Biraghi\",\"@id\":\"https:\\\/\\\/www.stalag307.it\\\/#\\\/schema\\\/person\\\/74ee8b86755e6c2127781a45bba2e06e\"},\"headline\":\"I friulani trovano una sorgente\",\"datePublished\":\"2013-03-11T12:02:18+00:00\",\"dateModified\":\"2015-02-21T11:13:29+00:00\",\"mainEntityOfPage\":{\"@id\":\"https:\\\/\\\/www.stalag307.it\\\/?p=433\"},\"wordCount\":270,\"publisher\":{\"@id\":\"https:\\\/\\\/www.stalag307.it\\\/#\\\/schema\\\/person\\\/429ede1ba10cd3538d1b89ab809fd00f\"},\"articleSection\":[\"Il diario di Luigi Biraghi\"],\"inLanguage\":\"it-IT\"},{\"@type\":\"WebPage\",\"@id\":\"https:\\\/\\\/www.stalag307.it\\\/?p=433\",\"url\":\"https:\\\/\\\/www.stalag307.it\\\/?p=433\",\"name\":\"I friulani trovano una sorgente - Stalag 307\",\"isPartOf\":{\"@id\":\"https:\\\/\\\/www.stalag307.it\\\/#website\"},\"datePublished\":\"2013-03-11T12:02:18+00:00\",\"dateModified\":\"2015-02-21T11:13:29+00:00\",\"breadcrumb\":{\"@id\":\"https:\\\/\\\/www.stalag307.it\\\/?p=433#breadcrumb\"},\"inLanguage\":\"it-IT\",\"potentialAction\":[{\"@type\":\"ReadAction\",\"target\":[\"https:\\\/\\\/www.stalag307.it\\\/?p=433\"]}]},{\"@type\":\"BreadcrumbList\",\"@id\":\"https:\\\/\\\/www.stalag307.it\\\/?p=433#breadcrumb\",\"itemListElement\":[{\"@type\":\"ListItem\",\"position\":1,\"name\":\"Home\",\"item\":\"https:\\\/\\\/www.stalag307.it\\\/\"},{\"@type\":\"ListItem\",\"position\":2,\"name\":\"I friulani trovano una sorgente\"}]},{\"@type\":\"WebSite\",\"@id\":\"https:\\\/\\\/www.stalag307.it\\\/#website\",\"url\":\"https:\\\/\\\/www.stalag307.it\\\/\",\"name\":\"Stalag 307\",\"description\":\"Dall&#039;8 settembre 1943 al 26 agosto 1945: la prigionia nei campi nazisti di Luigi Biraghi, tenente del 9\u00b0 alpini.\",\"publisher\":{\"@id\":\"https:\\\/\\\/www.stalag307.it\\\/#\\\/schema\\\/person\\\/429ede1ba10cd3538d1b89ab809fd00f\"},\"potentialAction\":[{\"@type\":\"SearchAction\",\"target\":{\"@type\":\"EntryPoint\",\"urlTemplate\":\"https:\\\/\\\/www.stalag307.it\\\/?s={search_term_string}\"},\"query-input\":{\"@type\":\"PropertyValueSpecification\",\"valueRequired\":true,\"valueName\":\"search_term_string\"}}],\"inLanguage\":\"it-IT\"},{\"@type\":[\"Person\",\"Organization\"],\"@id\":\"https:\\\/\\\/www.stalag307.it\\\/#\\\/schema\\\/person\\\/429ede1ba10cd3538d1b89ab809fd00f\",\"name\":\"Luigi Biraghi\",\"logo\":{\"@id\":\"https:\\\/\\\/www.stalag307.it\\\/#\\\/schema\\\/person\\\/image\\\/\"}},{\"@type\":\"Person\",\"@id\":\"https:\\\/\\\/www.stalag307.it\\\/#\\\/schema\\\/person\\\/74ee8b86755e6c2127781a45bba2e06e\",\"name\":\"Alberto Biraghi\"}]}<\/script>\n<!-- \/ Yoast SEO plugin. -->","yoast_head_json":{"title":"I friulani trovano una sorgente - Stalag 307","robots":{"index":"index","follow":"follow","max-snippet":"max-snippet:-1","max-image-preview":"max-image-preview:large","max-video-preview":"max-video-preview:-1"},"canonical":"https:\/\/www.stalag307.it\/?p=433","og_locale":"it_IT","og_type":"article","og_title":"I friulani trovano una sorgente - Stalag 307","og_description":"Il 21 settembre lo dedichiamo esclusivamente a noi stessi. Con Brunello e Dell\u2019Orto costruiamo un\u2019ampia tenda a 11 teli nella quale si possa vivere pi\u00f9 confortevolmente. Sopra di essa i friulani trovano una sorgente e cos\u00ec abbiamo acqua in abbondanza &hellip; Continua a leggere&rarr;","og_url":"https:\/\/www.stalag307.it\/?p=433","og_site_name":"Stalag 307","article_published_time":"2013-03-11T12:02:18+00:00","article_modified_time":"2015-02-21T11:13:29+00:00","author":"Alberto Biraghi","twitter_card":"summary_large_image","twitter_misc":{"Scritto da":"Alberto Biraghi","Tempo di lettura stimato":"1 minuto"},"schema":{"@context":"https:\/\/schema.org","@graph":[{"@type":"Article","@id":"https:\/\/www.stalag307.it\/?p=433#article","isPartOf":{"@id":"https:\/\/www.stalag307.it\/?p=433"},"author":{"name":"Alberto Biraghi","@id":"https:\/\/www.stalag307.it\/#\/schema\/person\/74ee8b86755e6c2127781a45bba2e06e"},"headline":"I friulani trovano una sorgente","datePublished":"2013-03-11T12:02:18+00:00","dateModified":"2015-02-21T11:13:29+00:00","mainEntityOfPage":{"@id":"https:\/\/www.stalag307.it\/?p=433"},"wordCount":270,"publisher":{"@id":"https:\/\/www.stalag307.it\/#\/schema\/person\/429ede1ba10cd3538d1b89ab809fd00f"},"articleSection":["Il diario di Luigi Biraghi"],"inLanguage":"it-IT"},{"@type":"WebPage","@id":"https:\/\/www.stalag307.it\/?p=433","url":"https:\/\/www.stalag307.it\/?p=433","name":"I friulani trovano una sorgente - Stalag 307","isPartOf":{"@id":"https:\/\/www.stalag307.it\/#website"},"datePublished":"2013-03-11T12:02:18+00:00","dateModified":"2015-02-21T11:13:29+00:00","breadcrumb":{"@id":"https:\/\/www.stalag307.it\/?p=433#breadcrumb"},"inLanguage":"it-IT","potentialAction":[{"@type":"ReadAction","target":["https:\/\/www.stalag307.it\/?p=433"]}]},{"@type":"BreadcrumbList","@id":"https:\/\/www.stalag307.it\/?p=433#breadcrumb","itemListElement":[{"@type":"ListItem","position":1,"name":"Home","item":"https:\/\/www.stalag307.it\/"},{"@type":"ListItem","position":2,"name":"I friulani trovano una sorgente"}]},{"@type":"WebSite","@id":"https:\/\/www.stalag307.it\/#website","url":"https:\/\/www.stalag307.it\/","name":"Stalag 307","description":"Dall&#039;8 settembre 1943 al 26 agosto 1945: la prigionia nei campi nazisti di Luigi Biraghi, tenente del 9\u00b0 alpini.","publisher":{"@id":"https:\/\/www.stalag307.it\/#\/schema\/person\/429ede1ba10cd3538d1b89ab809fd00f"},"potentialAction":[{"@type":"SearchAction","target":{"@type":"EntryPoint","urlTemplate":"https:\/\/www.stalag307.it\/?s={search_term_string}"},"query-input":{"@type":"PropertyValueSpecification","valueRequired":true,"valueName":"search_term_string"}}],"inLanguage":"it-IT"},{"@type":["Person","Organization"],"@id":"https:\/\/www.stalag307.it\/#\/schema\/person\/429ede1ba10cd3538d1b89ab809fd00f","name":"Luigi Biraghi","logo":{"@id":"https:\/\/www.stalag307.it\/#\/schema\/person\/image\/"}},{"@type":"Person","@id":"https:\/\/www.stalag307.it\/#\/schema\/person\/74ee8b86755e6c2127781a45bba2e06e","name":"Alberto Biraghi"}]}},"jetpack_featured_media_url":"","jetpack_sharing_enabled":true,"_links":{"self":[{"href":"https:\/\/www.stalag307.it\/index.php?rest_route=\/wp\/v2\/posts\/433","targetHints":{"allow":["GET"]}}],"collection":[{"href":"https:\/\/www.stalag307.it\/index.php?rest_route=\/wp\/v2\/posts"}],"about":[{"href":"https:\/\/www.stalag307.it\/index.php?rest_route=\/wp\/v2\/types\/post"}],"author":[{"embeddable":true,"href":"https:\/\/www.stalag307.it\/index.php?rest_route=\/wp\/v2\/users\/2"}],"replies":[{"embeddable":true,"href":"https:\/\/www.stalag307.it\/index.php?rest_route=%2Fwp%2Fv2%2Fcomments&post=433"}],"version-history":[{"count":3,"href":"https:\/\/www.stalag307.it\/index.php?rest_route=\/wp\/v2\/posts\/433\/revisions"}],"predecessor-version":[{"id":523,"href":"https:\/\/www.stalag307.it\/index.php?rest_route=\/wp\/v2\/posts\/433\/revisions\/523"}],"wp:attachment":[{"href":"https:\/\/www.stalag307.it\/index.php?rest_route=%2Fwp%2Fv2%2Fmedia&parent=433"}],"wp:term":[{"taxonomy":"category","embeddable":true,"href":"https:\/\/www.stalag307.it\/index.php?rest_route=%2Fwp%2Fv2%2Fcategories&post=433"},{"taxonomy":"post_tag","embeddable":true,"href":"https:\/\/www.stalag307.it\/index.php?rest_route=%2Fwp%2Fv2%2Ftags&post=433"}],"curies":[{"name":"wp","href":"https:\/\/api.w.org\/{rel}","templated":true}]}}