{"id":391,"date":"2013-02-23T10:26:27","date_gmt":"2013-02-23T09:26:27","guid":{"rendered":"http:\/\/www.stalag307.it\/?p=391"},"modified":"2015-02-21T12:13:56","modified_gmt":"2015-02-21T11:13:56","slug":"va-diminuendo-la-parvenza-di-liberta","status":"publish","type":"post","link":"https:\/\/www.stalag307.it\/?p=391","title":{"rendered":"La parvenza di libert\u00e0"},"content":{"rendered":"<p>Il giorno 17 l\u2019abbiamo passato nel modificare l\u2019organico delle Compagnie secondo i nuovi ordini. \u00c8 confermato che si costituiva anche la terza compagnia. La comander\u00e0 Mora e Brunello sar\u00e0 con lui. Io, Filippini e Gavioli siamo rimasti esclusi dal sorteggio e non si sa come verremo sistemati. Ci sfottono e noi ci prestiamo, volontari, a fare lo spezzatino per la truppa affamata! La razione infatti \u00e8 scarsa e per di pi\u00f9 dalla spesa del grano ho riportato soltanto patate marce. Nei primi giorni l\u2019appetito era scarso, ma ormai anche lo stomaco fa sentire le proprie esigenze.<\/p>\n<p>Per ragioni di ordine interno, il giorno 19 facciamo spiantar l\u2019accampamento e lo facciamo ricostruire secondo il nuovo organico. Di giorno in giorno la parvenza di libert\u00e0 prima accordata dai tedeschi, va diminuendo. Vedendo le sentinelle che si piazzano attorno all\u2019accampamento cominciamo ad avere dei dubbi sulla nostra qualit\u00e0 di liberi lavoratori. Nessuno pu\u00f2 pi\u00f9 uscire dall\u2019accampamento, ma Morelli riesce ugualmente a sgattaiolare dagli Agosta e ci riporta regolarmente qualche \u201cmiglioramento rancio\u201d e qualche bottiglia.<\/p>\n","protected":false},"excerpt":{"rendered":"<p>Il giorno 17 l\u2019abbiamo passato nel modificare l\u2019organico delle Compagnie secondo i nuovi ordini. \u00c8 confermato che si costituiva anche la terza compagnia. La comander\u00e0 Mora e Brunello sar\u00e0 con lui. Io, Filippini e Gavioli siamo rimasti esclusi dal sorteggio &hellip; <a href=\"https:\/\/www.stalag307.it\/?p=391\">Continua a leggere<span class=\"meta-nav\">&rarr;<\/span><\/a><\/p>\n","protected":false},"author":2,"featured_media":0,"comment_status":"closed","ping_status":"open","sticky":false,"template":"","format":"standard","meta":{"_exactmetrics_skip_tracking":false,"_exactmetrics_sitenote_active":false,"_exactmetrics_sitenote_note":"","_exactmetrics_sitenote_category":0,"_jetpack_memberships_contains_paid_content":false,"footnotes":""},"categories":[2],"tags":[],"class_list":["post-391","post","type-post","status-publish","format-standard","hentry","category-ildiario"],"yoast_head":"<!-- This site is optimized with the Yoast SEO plugin v27.5 - https:\/\/yoast.com\/product\/yoast-seo-wordpress\/ -->\n<title>La parvenza di libert\u00e0 - Stalag 307<\/title>\n<meta name=\"robots\" content=\"index, follow, max-snippet:-1, max-image-preview:large, max-video-preview:-1\" \/>\n<link rel=\"canonical\" href=\"https:\/\/www.stalag307.it\/?p=391\" \/>\n<meta property=\"og:locale\" content=\"it_IT\" \/>\n<meta property=\"og:type\" content=\"article\" \/>\n<meta property=\"og:title\" content=\"La parvenza di libert\u00e0 - Stalag 307\" \/>\n<meta property=\"og:description\" content=\"Il giorno 17 l\u2019abbiamo passato nel modificare l\u2019organico delle Compagnie secondo i nuovi ordini. \u00c8 confermato che si costituiva anche la terza compagnia. La comander\u00e0 Mora e Brunello sar\u00e0 con lui. Io, Filippini e Gavioli siamo rimasti esclusi dal sorteggio &hellip; Continua a leggere&rarr;\" \/>\n<meta property=\"og:url\" content=\"https:\/\/www.stalag307.it\/?p=391\" \/>\n<meta property=\"og:site_name\" content=\"Stalag 307\" \/>\n<meta property=\"article:published_time\" content=\"2013-02-23T09:26:27+00:00\" \/>\n<meta property=\"article:modified_time\" content=\"2015-02-21T11:13:56+00:00\" \/>\n<meta name=\"author\" content=\"Alberto Biraghi\" \/>\n<meta name=\"twitter:card\" content=\"summary_large_image\" \/>\n<meta name=\"twitter:label1\" content=\"Scritto da\" \/>\n\t<meta name=\"twitter:data1\" content=\"Alberto Biraghi\" \/>\n\t<meta name=\"twitter:label2\" content=\"Tempo di lettura stimato\" \/>\n\t<meta name=\"twitter:data2\" content=\"1 minuto\" \/>\n<script type=\"application\/ld+json\" class=\"yoast-schema-graph\">{\"@context\":\"https:\\\/\\\/schema.org\",\"@graph\":[{\"@type\":\"Article\",\"@id\":\"https:\\\/\\\/www.stalag307.it\\\/?p=391#article\",\"isPartOf\":{\"@id\":\"https:\\\/\\\/www.stalag307.it\\\/?p=391\"},\"author\":{\"name\":\"Alberto Biraghi\",\"@id\":\"https:\\\/\\\/www.stalag307.it\\\/#\\\/schema\\\/person\\\/74ee8b86755e6c2127781a45bba2e06e\"},\"headline\":\"La parvenza di libert\u00e0\",\"datePublished\":\"2013-02-23T09:26:27+00:00\",\"dateModified\":\"2015-02-21T11:13:56+00:00\",\"mainEntityOfPage\":{\"@id\":\"https:\\\/\\\/www.stalag307.it\\\/?p=391\"},\"wordCount\":177,\"publisher\":{\"@id\":\"https:\\\/\\\/www.stalag307.it\\\/#\\\/schema\\\/person\\\/429ede1ba10cd3538d1b89ab809fd00f\"},\"articleSection\":[\"Il diario di Luigi Biraghi\"],\"inLanguage\":\"it-IT\"},{\"@type\":\"WebPage\",\"@id\":\"https:\\\/\\\/www.stalag307.it\\\/?p=391\",\"url\":\"https:\\\/\\\/www.stalag307.it\\\/?p=391\",\"name\":\"La parvenza di libert\u00e0 - Stalag 307\",\"isPartOf\":{\"@id\":\"https:\\\/\\\/www.stalag307.it\\\/#website\"},\"datePublished\":\"2013-02-23T09:26:27+00:00\",\"dateModified\":\"2015-02-21T11:13:56+00:00\",\"breadcrumb\":{\"@id\":\"https:\\\/\\\/www.stalag307.it\\\/?p=391#breadcrumb\"},\"inLanguage\":\"it-IT\",\"potentialAction\":[{\"@type\":\"ReadAction\",\"target\":[\"https:\\\/\\\/www.stalag307.it\\\/?p=391\"]}]},{\"@type\":\"BreadcrumbList\",\"@id\":\"https:\\\/\\\/www.stalag307.it\\\/?p=391#breadcrumb\",\"itemListElement\":[{\"@type\":\"ListItem\",\"position\":1,\"name\":\"Home\",\"item\":\"https:\\\/\\\/www.stalag307.it\\\/\"},{\"@type\":\"ListItem\",\"position\":2,\"name\":\"La parvenza di libert\u00e0\"}]},{\"@type\":\"WebSite\",\"@id\":\"https:\\\/\\\/www.stalag307.it\\\/#website\",\"url\":\"https:\\\/\\\/www.stalag307.it\\\/\",\"name\":\"Stalag 307\",\"description\":\"Dall&#039;8 settembre 1943 al 26 agosto 1945: la prigionia nei campi nazisti di Luigi Biraghi, tenente del 9\u00b0 alpini.\",\"publisher\":{\"@id\":\"https:\\\/\\\/www.stalag307.it\\\/#\\\/schema\\\/person\\\/429ede1ba10cd3538d1b89ab809fd00f\"},\"potentialAction\":[{\"@type\":\"SearchAction\",\"target\":{\"@type\":\"EntryPoint\",\"urlTemplate\":\"https:\\\/\\\/www.stalag307.it\\\/?s={search_term_string}\"},\"query-input\":{\"@type\":\"PropertyValueSpecification\",\"valueRequired\":true,\"valueName\":\"search_term_string\"}}],\"inLanguage\":\"it-IT\"},{\"@type\":[\"Person\",\"Organization\"],\"@id\":\"https:\\\/\\\/www.stalag307.it\\\/#\\\/schema\\\/person\\\/429ede1ba10cd3538d1b89ab809fd00f\",\"name\":\"Luigi Biraghi\",\"logo\":{\"@id\":\"https:\\\/\\\/www.stalag307.it\\\/#\\\/schema\\\/person\\\/image\\\/\"}},{\"@type\":\"Person\",\"@id\":\"https:\\\/\\\/www.stalag307.it\\\/#\\\/schema\\\/person\\\/74ee8b86755e6c2127781a45bba2e06e\",\"name\":\"Alberto Biraghi\"}]}<\/script>\n<!-- \/ Yoast SEO plugin. -->","yoast_head_json":{"title":"La parvenza di libert\u00e0 - Stalag 307","robots":{"index":"index","follow":"follow","max-snippet":"max-snippet:-1","max-image-preview":"max-image-preview:large","max-video-preview":"max-video-preview:-1"},"canonical":"https:\/\/www.stalag307.it\/?p=391","og_locale":"it_IT","og_type":"article","og_title":"La parvenza di libert\u00e0 - Stalag 307","og_description":"Il giorno 17 l\u2019abbiamo passato nel modificare l\u2019organico delle Compagnie secondo i nuovi ordini. \u00c8 confermato che si costituiva anche la terza compagnia. La comander\u00e0 Mora e Brunello sar\u00e0 con lui. Io, Filippini e Gavioli siamo rimasti esclusi dal sorteggio &hellip; Continua a leggere&rarr;","og_url":"https:\/\/www.stalag307.it\/?p=391","og_site_name":"Stalag 307","article_published_time":"2013-02-23T09:26:27+00:00","article_modified_time":"2015-02-21T11:13:56+00:00","author":"Alberto Biraghi","twitter_card":"summary_large_image","twitter_misc":{"Scritto da":"Alberto Biraghi","Tempo di lettura stimato":"1 minuto"},"schema":{"@context":"https:\/\/schema.org","@graph":[{"@type":"Article","@id":"https:\/\/www.stalag307.it\/?p=391#article","isPartOf":{"@id":"https:\/\/www.stalag307.it\/?p=391"},"author":{"name":"Alberto Biraghi","@id":"https:\/\/www.stalag307.it\/#\/schema\/person\/74ee8b86755e6c2127781a45bba2e06e"},"headline":"La parvenza di libert\u00e0","datePublished":"2013-02-23T09:26:27+00:00","dateModified":"2015-02-21T11:13:56+00:00","mainEntityOfPage":{"@id":"https:\/\/www.stalag307.it\/?p=391"},"wordCount":177,"publisher":{"@id":"https:\/\/www.stalag307.it\/#\/schema\/person\/429ede1ba10cd3538d1b89ab809fd00f"},"articleSection":["Il diario di Luigi Biraghi"],"inLanguage":"it-IT"},{"@type":"WebPage","@id":"https:\/\/www.stalag307.it\/?p=391","url":"https:\/\/www.stalag307.it\/?p=391","name":"La parvenza di libert\u00e0 - Stalag 307","isPartOf":{"@id":"https:\/\/www.stalag307.it\/#website"},"datePublished":"2013-02-23T09:26:27+00:00","dateModified":"2015-02-21T11:13:56+00:00","breadcrumb":{"@id":"https:\/\/www.stalag307.it\/?p=391#breadcrumb"},"inLanguage":"it-IT","potentialAction":[{"@type":"ReadAction","target":["https:\/\/www.stalag307.it\/?p=391"]}]},{"@type":"BreadcrumbList","@id":"https:\/\/www.stalag307.it\/?p=391#breadcrumb","itemListElement":[{"@type":"ListItem","position":1,"name":"Home","item":"https:\/\/www.stalag307.it\/"},{"@type":"ListItem","position":2,"name":"La parvenza di libert\u00e0"}]},{"@type":"WebSite","@id":"https:\/\/www.stalag307.it\/#website","url":"https:\/\/www.stalag307.it\/","name":"Stalag 307","description":"Dall&#039;8 settembre 1943 al 26 agosto 1945: la prigionia nei campi nazisti di Luigi Biraghi, tenente del 9\u00b0 alpini.","publisher":{"@id":"https:\/\/www.stalag307.it\/#\/schema\/person\/429ede1ba10cd3538d1b89ab809fd00f"},"potentialAction":[{"@type":"SearchAction","target":{"@type":"EntryPoint","urlTemplate":"https:\/\/www.stalag307.it\/?s={search_term_string}"},"query-input":{"@type":"PropertyValueSpecification","valueRequired":true,"valueName":"search_term_string"}}],"inLanguage":"it-IT"},{"@type":["Person","Organization"],"@id":"https:\/\/www.stalag307.it\/#\/schema\/person\/429ede1ba10cd3538d1b89ab809fd00f","name":"Luigi Biraghi","logo":{"@id":"https:\/\/www.stalag307.it\/#\/schema\/person\/image\/"}},{"@type":"Person","@id":"https:\/\/www.stalag307.it\/#\/schema\/person\/74ee8b86755e6c2127781a45bba2e06e","name":"Alberto Biraghi"}]}},"jetpack_featured_media_url":"","jetpack_sharing_enabled":true,"_links":{"self":[{"href":"https:\/\/www.stalag307.it\/index.php?rest_route=\/wp\/v2\/posts\/391","targetHints":{"allow":["GET"]}}],"collection":[{"href":"https:\/\/www.stalag307.it\/index.php?rest_route=\/wp\/v2\/posts"}],"about":[{"href":"https:\/\/www.stalag307.it\/index.php?rest_route=\/wp\/v2\/types\/post"}],"author":[{"embeddable":true,"href":"https:\/\/www.stalag307.it\/index.php?rest_route=\/wp\/v2\/users\/2"}],"replies":[{"embeddable":true,"href":"https:\/\/www.stalag307.it\/index.php?rest_route=%2Fwp%2Fv2%2Fcomments&post=391"}],"version-history":[{"count":4,"href":"https:\/\/www.stalag307.it\/index.php?rest_route=\/wp\/v2\/posts\/391\/revisions"}],"predecessor-version":[{"id":524,"href":"https:\/\/www.stalag307.it\/index.php?rest_route=\/wp\/v2\/posts\/391\/revisions\/524"}],"wp:attachment":[{"href":"https:\/\/www.stalag307.it\/index.php?rest_route=%2Fwp%2Fv2%2Fmedia&parent=391"}],"wp:term":[{"taxonomy":"category","embeddable":true,"href":"https:\/\/www.stalag307.it\/index.php?rest_route=%2Fwp%2Fv2%2Fcategories&post=391"},{"taxonomy":"post_tag","embeddable":true,"href":"https:\/\/www.stalag307.it\/index.php?rest_route=%2Fwp%2Fv2%2Ftags&post=391"}],"curies":[{"name":"wp","href":"https:\/\/api.w.org\/{rel}","templated":true}]}}