{"id":372,"date":"2013-02-10T09:44:16","date_gmt":"2013-02-10T08:44:16","guid":{"rendered":"http:\/\/www.stalag307.it\/?p=372"},"modified":"2015-02-21T12:12:32","modified_gmt":"2015-02-21T11:12:32","slug":"13-settembre-mussolini-liberato-dai-para-tedeschi","status":"publish","type":"post","link":"https:\/\/www.stalag307.it\/?p=372","title":{"rendered":"I tedeschi liberano Mussolini"},"content":{"rendered":"<p>\u00c8 del giorno 13 la sensazione che i tedeschi\u00a0 non hanno intenzione di attenersi ai corretti sistemi usati fino allora. Avevano promesso che il reparto sarebbe stato rispettato nel suo organico e cominciano a smembrarlo portando via gli autisti per impiegarli altrove. I giornali locali ci trasmettono la notizia che Mussolini \u00e8 stato liberato da paracadutisti tedeschi<\/p>\n<p>In seguito alla partenza di Vecchia il comando del Battaglione \u00e8 stato assunto dal Capitano Teston, ottima persona che si dimostra per\u00f2 incapace e indecisa. \u00c8 maledettamente spaventato ed ha continuamente bisogno di sentirsi appoggiato dagli altri ufficiali. Quindi una lunga serie di rapporti, aventi il solo scopo di rincuorare il comandante, ha inizio da quel momento. \u00c8 totalmente cambiata l\u2019atmosfera del reparto: a quella grave, opprimente, solenne, talvolta tragica che ha contrassegnato il comando di Vecchia, si sostituisce quella umoristica creata dalle titubanze di Teston. Ad ogni decisione, ad ogni firma apposta su una qualsiasi carta, c\u2019\u00e8 qualcuno che si diverte ad insinuare il dubbio di gravi responsabilit\u00e0 assunte e Teston si pente. Teston cancella la firma gi\u00e0 fatta, Teston trema.<\/p>\n<p>Fra l\u2019altro gli viene la luminosa idea di far condividere agli ufficiali, con assoluta imparzialit\u00e0, il rancio dei soldati e ne consegue che, mentre questi cedono ai civili scarpe coperte e ogni sorta di materiali del reparto in cambio di cibi, quelli raschiano la scarsa razione nella gavetta e tirano la cinghia. L\u2019innovazione per\u00f2, per protesta totalitaria, ha breve durata, e si ritorna ad una mensa affidata all\u2019organizzazione del cappellano. La razione viveri passata dai tedeschi \u00e8 insufficiente alla truppa. Si rimedia mediante qualche quadrupede elegantemente fregato a reparti vicini, poi si sborsano cinquecento franchi a testa \u2013 dato che, per finire in bellezza, l\u2019aiutante maggiore ha versato la cassa ai tedeschi ed il Battaglione\u00a0 non ha fondi \u2013 mediante i quali si acquista un vitello ed una vacca. Nelle ore libere si ascolta la radio; la notizia del caos esistente in Italia contribuisce non poco a demolire il morale. Soltanto in seguito si sapr\u00e0 che, in materia di disordini e di combattimenti con i tedeschi, radio Londra ha molto esagerato a scopo di propaganda.<\/p>\n","protected":false},"excerpt":{"rendered":"<p>\u00c8 del giorno 13 la sensazione che i tedeschi\u00a0 non hanno intenzione di attenersi ai corretti sistemi usati fino allora. Avevano promesso che il reparto sarebbe stato rispettato nel suo organico e cominciano a smembrarlo portando via gli autisti per &hellip; <a href=\"https:\/\/www.stalag307.it\/?p=372\">Continua a leggere<span class=\"meta-nav\">&rarr;<\/span><\/a><\/p>\n","protected":false},"author":2,"featured_media":0,"comment_status":"closed","ping_status":"open","sticky":false,"template":"","format":"standard","meta":{"_exactmetrics_skip_tracking":false,"_exactmetrics_sitenote_active":false,"_exactmetrics_sitenote_note":"","_exactmetrics_sitenote_category":0,"_jetpack_memberships_contains_paid_content":false,"footnotes":""},"categories":[2],"tags":[],"class_list":["post-372","post","type-post","status-publish","format-standard","hentry","category-ildiario"],"yoast_head":"<!-- This site is optimized with the Yoast SEO plugin v27.5 - https:\/\/yoast.com\/product\/yoast-seo-wordpress\/ -->\n<title>I tedeschi liberano Mussolini - Stalag 307<\/title>\n<meta name=\"robots\" content=\"index, follow, max-snippet:-1, max-image-preview:large, max-video-preview:-1\" \/>\n<link rel=\"canonical\" href=\"https:\/\/www.stalag307.it\/?p=372\" \/>\n<meta property=\"og:locale\" content=\"it_IT\" \/>\n<meta property=\"og:type\" content=\"article\" \/>\n<meta property=\"og:title\" content=\"I tedeschi liberano Mussolini - Stalag 307\" \/>\n<meta property=\"og:description\" content=\"\u00c8 del giorno 13 la sensazione che i tedeschi\u00a0 non hanno intenzione di attenersi ai corretti sistemi usati fino allora. Avevano promesso che il reparto sarebbe stato rispettato nel suo organico e cominciano a smembrarlo portando via gli autisti per &hellip; Continua a leggere&rarr;\" \/>\n<meta property=\"og:url\" content=\"https:\/\/www.stalag307.it\/?p=372\" \/>\n<meta property=\"og:site_name\" content=\"Stalag 307\" \/>\n<meta property=\"article:published_time\" content=\"2013-02-10T08:44:16+00:00\" \/>\n<meta property=\"article:modified_time\" content=\"2015-02-21T11:12:32+00:00\" \/>\n<meta name=\"author\" content=\"Alberto Biraghi\" \/>\n<meta name=\"twitter:card\" content=\"summary_large_image\" \/>\n<meta name=\"twitter:label1\" content=\"Scritto da\" \/>\n\t<meta name=\"twitter:data1\" content=\"Alberto Biraghi\" \/>\n\t<meta name=\"twitter:label2\" content=\"Tempo di lettura stimato\" \/>\n\t<meta name=\"twitter:data2\" content=\"2 minuti\" \/>\n<script type=\"application\/ld+json\" class=\"yoast-schema-graph\">{\"@context\":\"https:\\\/\\\/schema.org\",\"@graph\":[{\"@type\":\"Article\",\"@id\":\"https:\\\/\\\/www.stalag307.it\\\/?p=372#article\",\"isPartOf\":{\"@id\":\"https:\\\/\\\/www.stalag307.it\\\/?p=372\"},\"author\":{\"name\":\"Alberto Biraghi\",\"@id\":\"https:\\\/\\\/www.stalag307.it\\\/#\\\/schema\\\/person\\\/74ee8b86755e6c2127781a45bba2e06e\"},\"headline\":\"I tedeschi liberano Mussolini\",\"datePublished\":\"2013-02-10T08:44:16+00:00\",\"dateModified\":\"2015-02-21T11:12:32+00:00\",\"mainEntityOfPage\":{\"@id\":\"https:\\\/\\\/www.stalag307.it\\\/?p=372\"},\"wordCount\":354,\"publisher\":{\"@id\":\"https:\\\/\\\/www.stalag307.it\\\/#\\\/schema\\\/person\\\/429ede1ba10cd3538d1b89ab809fd00f\"},\"articleSection\":[\"Il diario di Luigi Biraghi\"],\"inLanguage\":\"it-IT\"},{\"@type\":\"WebPage\",\"@id\":\"https:\\\/\\\/www.stalag307.it\\\/?p=372\",\"url\":\"https:\\\/\\\/www.stalag307.it\\\/?p=372\",\"name\":\"I tedeschi liberano Mussolini - Stalag 307\",\"isPartOf\":{\"@id\":\"https:\\\/\\\/www.stalag307.it\\\/#website\"},\"datePublished\":\"2013-02-10T08:44:16+00:00\",\"dateModified\":\"2015-02-21T11:12:32+00:00\",\"breadcrumb\":{\"@id\":\"https:\\\/\\\/www.stalag307.it\\\/?p=372#breadcrumb\"},\"inLanguage\":\"it-IT\",\"potentialAction\":[{\"@type\":\"ReadAction\",\"target\":[\"https:\\\/\\\/www.stalag307.it\\\/?p=372\"]}]},{\"@type\":\"BreadcrumbList\",\"@id\":\"https:\\\/\\\/www.stalag307.it\\\/?p=372#breadcrumb\",\"itemListElement\":[{\"@type\":\"ListItem\",\"position\":1,\"name\":\"Home\",\"item\":\"https:\\\/\\\/www.stalag307.it\\\/\"},{\"@type\":\"ListItem\",\"position\":2,\"name\":\"I tedeschi liberano Mussolini\"}]},{\"@type\":\"WebSite\",\"@id\":\"https:\\\/\\\/www.stalag307.it\\\/#website\",\"url\":\"https:\\\/\\\/www.stalag307.it\\\/\",\"name\":\"Stalag 307\",\"description\":\"Dall&#039;8 settembre 1943 al 26 agosto 1945: la prigionia nei campi nazisti di Luigi Biraghi, tenente del 9\u00b0 alpini.\",\"publisher\":{\"@id\":\"https:\\\/\\\/www.stalag307.it\\\/#\\\/schema\\\/person\\\/429ede1ba10cd3538d1b89ab809fd00f\"},\"potentialAction\":[{\"@type\":\"SearchAction\",\"target\":{\"@type\":\"EntryPoint\",\"urlTemplate\":\"https:\\\/\\\/www.stalag307.it\\\/?s={search_term_string}\"},\"query-input\":{\"@type\":\"PropertyValueSpecification\",\"valueRequired\":true,\"valueName\":\"search_term_string\"}}],\"inLanguage\":\"it-IT\"},{\"@type\":[\"Person\",\"Organization\"],\"@id\":\"https:\\\/\\\/www.stalag307.it\\\/#\\\/schema\\\/person\\\/429ede1ba10cd3538d1b89ab809fd00f\",\"name\":\"Luigi Biraghi\",\"logo\":{\"@id\":\"https:\\\/\\\/www.stalag307.it\\\/#\\\/schema\\\/person\\\/image\\\/\"}},{\"@type\":\"Person\",\"@id\":\"https:\\\/\\\/www.stalag307.it\\\/#\\\/schema\\\/person\\\/74ee8b86755e6c2127781a45bba2e06e\",\"name\":\"Alberto Biraghi\"}]}<\/script>\n<!-- \/ Yoast SEO plugin. -->","yoast_head_json":{"title":"I tedeschi liberano Mussolini - Stalag 307","robots":{"index":"index","follow":"follow","max-snippet":"max-snippet:-1","max-image-preview":"max-image-preview:large","max-video-preview":"max-video-preview:-1"},"canonical":"https:\/\/www.stalag307.it\/?p=372","og_locale":"it_IT","og_type":"article","og_title":"I tedeschi liberano Mussolini - Stalag 307","og_description":"\u00c8 del giorno 13 la sensazione che i tedeschi\u00a0 non hanno intenzione di attenersi ai corretti sistemi usati fino allora. Avevano promesso che il reparto sarebbe stato rispettato nel suo organico e cominciano a smembrarlo portando via gli autisti per &hellip; Continua a leggere&rarr;","og_url":"https:\/\/www.stalag307.it\/?p=372","og_site_name":"Stalag 307","article_published_time":"2013-02-10T08:44:16+00:00","article_modified_time":"2015-02-21T11:12:32+00:00","author":"Alberto Biraghi","twitter_card":"summary_large_image","twitter_misc":{"Scritto da":"Alberto Biraghi","Tempo di lettura stimato":"2 minuti"},"schema":{"@context":"https:\/\/schema.org","@graph":[{"@type":"Article","@id":"https:\/\/www.stalag307.it\/?p=372#article","isPartOf":{"@id":"https:\/\/www.stalag307.it\/?p=372"},"author":{"name":"Alberto Biraghi","@id":"https:\/\/www.stalag307.it\/#\/schema\/person\/74ee8b86755e6c2127781a45bba2e06e"},"headline":"I tedeschi liberano Mussolini","datePublished":"2013-02-10T08:44:16+00:00","dateModified":"2015-02-21T11:12:32+00:00","mainEntityOfPage":{"@id":"https:\/\/www.stalag307.it\/?p=372"},"wordCount":354,"publisher":{"@id":"https:\/\/www.stalag307.it\/#\/schema\/person\/429ede1ba10cd3538d1b89ab809fd00f"},"articleSection":["Il diario di Luigi Biraghi"],"inLanguage":"it-IT"},{"@type":"WebPage","@id":"https:\/\/www.stalag307.it\/?p=372","url":"https:\/\/www.stalag307.it\/?p=372","name":"I tedeschi liberano Mussolini - Stalag 307","isPartOf":{"@id":"https:\/\/www.stalag307.it\/#website"},"datePublished":"2013-02-10T08:44:16+00:00","dateModified":"2015-02-21T11:12:32+00:00","breadcrumb":{"@id":"https:\/\/www.stalag307.it\/?p=372#breadcrumb"},"inLanguage":"it-IT","potentialAction":[{"@type":"ReadAction","target":["https:\/\/www.stalag307.it\/?p=372"]}]},{"@type":"BreadcrumbList","@id":"https:\/\/www.stalag307.it\/?p=372#breadcrumb","itemListElement":[{"@type":"ListItem","position":1,"name":"Home","item":"https:\/\/www.stalag307.it\/"},{"@type":"ListItem","position":2,"name":"I tedeschi liberano Mussolini"}]},{"@type":"WebSite","@id":"https:\/\/www.stalag307.it\/#website","url":"https:\/\/www.stalag307.it\/","name":"Stalag 307","description":"Dall&#039;8 settembre 1943 al 26 agosto 1945: la prigionia nei campi nazisti di Luigi Biraghi, tenente del 9\u00b0 alpini.","publisher":{"@id":"https:\/\/www.stalag307.it\/#\/schema\/person\/429ede1ba10cd3538d1b89ab809fd00f"},"potentialAction":[{"@type":"SearchAction","target":{"@type":"EntryPoint","urlTemplate":"https:\/\/www.stalag307.it\/?s={search_term_string}"},"query-input":{"@type":"PropertyValueSpecification","valueRequired":true,"valueName":"search_term_string"}}],"inLanguage":"it-IT"},{"@type":["Person","Organization"],"@id":"https:\/\/www.stalag307.it\/#\/schema\/person\/429ede1ba10cd3538d1b89ab809fd00f","name":"Luigi Biraghi","logo":{"@id":"https:\/\/www.stalag307.it\/#\/schema\/person\/image\/"}},{"@type":"Person","@id":"https:\/\/www.stalag307.it\/#\/schema\/person\/74ee8b86755e6c2127781a45bba2e06e","name":"Alberto Biraghi"}]}},"jetpack_featured_media_url":"","jetpack_sharing_enabled":true,"_links":{"self":[{"href":"https:\/\/www.stalag307.it\/index.php?rest_route=\/wp\/v2\/posts\/372","targetHints":{"allow":["GET"]}}],"collection":[{"href":"https:\/\/www.stalag307.it\/index.php?rest_route=\/wp\/v2\/posts"}],"about":[{"href":"https:\/\/www.stalag307.it\/index.php?rest_route=\/wp\/v2\/types\/post"}],"author":[{"embeddable":true,"href":"https:\/\/www.stalag307.it\/index.php?rest_route=\/wp\/v2\/users\/2"}],"replies":[{"embeddable":true,"href":"https:\/\/www.stalag307.it\/index.php?rest_route=%2Fwp%2Fv2%2Fcomments&post=372"}],"version-history":[{"count":4,"href":"https:\/\/www.stalag307.it\/index.php?rest_route=\/wp\/v2\/posts\/372\/revisions"}],"predecessor-version":[{"id":521,"href":"https:\/\/www.stalag307.it\/index.php?rest_route=\/wp\/v2\/posts\/372\/revisions\/521"}],"wp:attachment":[{"href":"https:\/\/www.stalag307.it\/index.php?rest_route=%2Fwp%2Fv2%2Fmedia&parent=372"}],"wp:term":[{"taxonomy":"category","embeddable":true,"href":"https:\/\/www.stalag307.it\/index.php?rest_route=%2Fwp%2Fv2%2Fcategories&post=372"},{"taxonomy":"post_tag","embeddable":true,"href":"https:\/\/www.stalag307.it\/index.php?rest_route=%2Fwp%2Fv2%2Ftags&post=372"}],"curies":[{"name":"wp","href":"https:\/\/api.w.org\/{rel}","templated":true}]}}